{"id":11363,"date":"2024-02-27T18:59:55","date_gmt":"2024-02-27T18:59:55","guid":{"rendered":"https:\/\/radiocresatelital.com\/?p=11363"},"modified":"2024-02-27T18:59:55","modified_gmt":"2024-02-27T18:59:55","slug":"alcalde-de-guayaquil-inaugura-solucion-vial-en-la-isla-trinitaria-y-rehabilitacion-de-la-calle-noguchi","status":"publish","type":"post","link":"https:\/\/radiocresatelital.com\/?p=11363","title":{"rendered":"Alcalde de Guayaquil inaugura soluci\u00f3n vial en la Isla Trinitaria y rehabilitaci\u00f3n de la calle Noguchi"},"content":{"rendered":"<p>Guayaquil.- El Alcalde de Guayaquil, Aquiles Alvarez, inaugur\u00f3 este martes 27 de febrero de 2024 dos obras que mejorar\u00e1n la vialidad en la ciudad.<\/p>\n<p>La primera es la soluci\u00f3n vial de la V\u00eda Perimetral, a la altura de la isla Trinitaria. Este viaducto conecta la entrada del Trinipuerto con la Perimetral por lo que agilizar\u00e1 el tr\u00e1nsito de los veh\u00edculos de carga<br \/>\npesada que circulan por la zona.<\/p>\n<p>En esta zona operan varias terminales portuarias que dinamizan el comercio internacional y la econom\u00eda del pa\u00eds. El Terminal Portuario de Guayaquil (TPG) en los \u00faltimos seis a\u00f1os, moviliz\u00f3 m\u00e1s de 3 millones de contenedores (de 20 y 40 pies), consolid\u00e1ndose como aliado estrat\u00e9gico para exportadores e importadores, con un promedio anual de 500 mil contenedores.<\/p>\n<p>En esta obra el Municipio de Guayaquil invirti\u00f3 alrededor de USD 7,6 millones, lo cual gener\u00f3 m\u00e1s de 700 plazas de empleo.<\/p>\n<p>La construcci\u00f3n del viaducto tom\u00f3 26 meses y se estima que beneficiar\u00e1 a 100.000 personas. El paso elevado tiene una extensi\u00f3n de 0,41 Km e incluy\u00f3 la construcci\u00f3n de un puente peatonal para salvaguardar la integridad f\u00edsica de los moradores de la isla Trinitaria.<\/p>\n<p>Posteriormente, el Alcalde Aquiles Alvarez se trasladar\u00e1 al centro de la ciudad para inaugurar la calle Noguchi, la cual fue intervenida desde diciembre pasado.<\/p>\n<p>La renovaci\u00f3n de la calle Noguchi, que conecta con el sur de la ciudad, forma parte de un proyecto para intervenir 84 kil\u00f3metros de v\u00edas del centro, con una inversi\u00f3n de USD 8,7 millones. En total se generaron m\u00e1s de 2.000 puestos de empleo.<\/p>\n<p>En la calle Noguchi, al igual que en el resto de las v\u00edas, se rehabilit\u00f3 la carpeta asf\u00e1ltica. Adem\u00e1s, se aprovech\u00f3 la ocasi\u00f3n para cambiar el sistema hidrosanitario, el cual estaba obsoleto.<\/p>\n<p>En este punto, el primer personero municipal supervisar\u00e1 la obra de regeneraci\u00f3n urbana que actualmente ejecuta la Fundaci\u00f3n Siglo XXI en la calle Francisco de Paula Lavayen.<\/p>\n","protected":false},"excerpt":{"rendered":"<p>Guayaquil.- El Alcalde de Guayaquil, Aquiles Alvarez, inaugur\u00f3 este martes 27 de febrero de 2024 dos obras que mejorar\u00e1n la vialidad en la ciudad. La primera es la soluci\u00f3n vial de la V\u00eda Perimetral, a la altura de la isla Trinitaria. Este viaducto conecta la entrada del Trinipuerto con la Perimetral por lo que agilizar\u00e1 [&hellip;]<\/p>\n","protected":false},"author":2,"featured_media":11364,"comment_status":"open","ping_status":"closed","sticky":false,"template":"","format":"standard","meta":{"_jetpack_memberships_contains_paid_content":false,"footnotes":""},"categories":[33,13],"tags":[669,14],"class_list":["post-11363","post","type-post","status-publish","format-standard","has-post-thumbnail","hentry","category-guayaquil","category-noticias-nacionales","tag-alcalde-de-guayaquil","tag-aquiles-alvarez"],"jetpack_featured_media_url":"https:\/\/radiocresatelital.com\/wp-content\/uploads\/2024\/02\/DSC06970-scaled.jpg","jetpack_sharing_enabled":true,"_links":{"self":[{"href":"https:\/\/radiocresatelital.com\/index.php?rest_route=\/wp\/v2\/posts\/11363","targetHints":{"allow":["GET"]}}],"collection":[{"href":"https:\/\/radiocresatelital.com\/index.php?rest_route=\/wp\/v2\/posts"}],"about":[{"href":"https:\/\/radiocresatelital.com\/index.php?rest_route=\/wp\/v2\/types\/post"}],"author":[{"embeddable":true,"href":"https:\/\/radiocresatelital.com\/index.php?rest_route=\/wp\/v2\/users\/2"}],"replies":[{"embeddable":true,"href":"https:\/\/radiocresatelital.com\/index.php?rest_route=%2Fwp%2Fv2%2Fcomments&post=11363"}],"version-history":[{"count":1,"href":"https:\/\/radiocresatelital.com\/index.php?rest_route=\/wp\/v2\/posts\/11363\/revisions"}],"predecessor-version":[{"id":11365,"href":"https:\/\/radiocresatelital.com\/index.php?rest_route=\/wp\/v2\/posts\/11363\/revisions\/11365"}],"wp:featuredmedia":[{"embeddable":true,"href":"https:\/\/radiocresatelital.com\/index.php?rest_route=\/wp\/v2\/media\/11364"}],"wp:attachment":[{"href":"https:\/\/radiocresatelital.com\/index.php?rest_route=%2Fwp%2Fv2%2Fmedia&parent=11363"}],"wp:term":[{"taxonomy":"category","embeddable":true,"href":"https:\/\/radiocresatelital.com\/index.php?rest_route=%2Fwp%2Fv2%2Fcategories&post=11363"},{"taxonomy":"post_tag","embeddable":true,"href":"https:\/\/radiocresatelital.com\/index.php?rest_route=%2Fwp%2Fv2%2Ftags&post=11363"}],"curies":[{"name":"wp","href":"https:\/\/api.w.org\/{rel}","templated":true}]}}