{"id":11357,"date":"2024-02-27T16:57:52","date_gmt":"2024-02-27T16:57:52","guid":{"rendered":"https:\/\/radiocresatelital.com\/?p=11357"},"modified":"2024-02-27T20:29:21","modified_gmt":"2024-02-27T20:29:21","slug":"en-el-tercer-llamado-se-realizo-audiencia-en-el-caso-villavicencio","status":"publish","type":"post","link":"https:\/\/radiocresatelital.com\/?p=11357","title":{"rendered":"En el tercer llamado se realiz\u00f3 audiencia en el caso Villavicencio"},"content":{"rendered":"<p>Guayaquil.- El Dr. Ramiro Garc\u00eda en di\u00e1logo exclusivo con CRE Noticias, habl\u00f3 esta ma\u00f1ana sobre el tercer llamado a audiencia en el caso de Fernando Villavicencio, ex candidato a la presidencia del Ecuador. Al respecto, explic\u00f3 que dicho caso es \u00abbastante complejo porque son redes muy complejas las que act\u00faan, es un entramado de ordenes de una estructura organizada, porque la orden pasa primero por distintos niveles de varios subalternos, por lo general el que ejecuta no sabe quien da la orden inicialmente.<\/p>\n<p>Pese a lo complicado de las investigaciones en el asesinato de Villavicencio, el Dr. Garc\u00eda, asegur\u00f3 lo que puede garantizar es que \u00abmientras yo este ah\u00ed, esto no se archivar\u00e1\u00bb.<\/p>\n<p><span class=\"css-1qaijid r-bcqeeo r-qvutc0 r-poiln3\">Esta ma\u00f1ana en el Complejo Judicial Norte de Quito<\/span><span class=\"css-1qaijid r-bcqeeo r-qvutc0 r-poiln3\">, se instal\u00f3 la audiencia preparatoria de juicio contra 6 personas (vinculadas al caso), a quienes Fiscal\u00eda <\/span><span class=\"css-1qaijid r-bcqeeo r-qvutc0 r-poiln3\">procesa por el <\/span><span class=\"r-18u37iz\"><a class=\"css-1qaijid r-bcqeeo r-qvutc0 r-poiln3 r-1loqt21\" dir=\"ltr\" role=\"link\" href=\"https:\/\/twitter.com\/hashtag\/asesinato?src=hashtag_click\">#asesinato<\/a><\/span><span class=\"css-1qaijid r-bcqeeo r-qvutc0 r-poiln3\"> del excandidato presidencial Fernando Villavicencio, perpetrado en agosto de 2023.<\/span><\/p>\n","protected":false},"excerpt":{"rendered":"<p>Guayaquil.- El Dr. Ramiro Garc\u00eda en di\u00e1logo exclusivo con CRE Noticias, habl\u00f3 esta ma\u00f1ana sobre el tercer llamado a audiencia en el caso de Fernando Villavicencio, ex candidato a la presidencia del Ecuador. Al respecto, explic\u00f3 que dicho caso es \u00abbastante complejo porque son redes muy complejas las que act\u00faan, es un entramado de ordenes [&hellip;]<\/p>\n","protected":false},"author":3,"featured_media":11384,"comment_status":"open","ping_status":"closed","sticky":false,"template":"","format":"standard","meta":{"_jetpack_memberships_contains_paid_content":false,"footnotes":""},"categories":[13],"tags":[1917],"class_list":["post-11357","post","type-post","status-publish","format-standard","has-post-thumbnail","hentry","category-noticias-nacionales","tag-dr-ramiro-garcia"],"jetpack_featured_media_url":"https:\/\/radiocresatelital.com\/wp-content\/uploads\/2024\/02\/637642f972080.r_d.2245-1601-0.jpeg","jetpack_sharing_enabled":true,"_links":{"self":[{"href":"https:\/\/radiocresatelital.com\/index.php?rest_route=\/wp\/v2\/posts\/11357","targetHints":{"allow":["GET"]}}],"collection":[{"href":"https:\/\/radiocresatelital.com\/index.php?rest_route=\/wp\/v2\/posts"}],"about":[{"href":"https:\/\/radiocresatelital.com\/index.php?rest_route=\/wp\/v2\/types\/post"}],"author":[{"embeddable":true,"href":"https:\/\/radiocresatelital.com\/index.php?rest_route=\/wp\/v2\/users\/3"}],"replies":[{"embeddable":true,"href":"https:\/\/radiocresatelital.com\/index.php?rest_route=%2Fwp%2Fv2%2Fcomments&post=11357"}],"version-history":[{"count":2,"href":"https:\/\/radiocresatelital.com\/index.php?rest_route=\/wp\/v2\/posts\/11357\/revisions"}],"predecessor-version":[{"id":11385,"href":"https:\/\/radiocresatelital.com\/index.php?rest_route=\/wp\/v2\/posts\/11357\/revisions\/11385"}],"wp:featuredmedia":[{"embeddable":true,"href":"https:\/\/radiocresatelital.com\/index.php?rest_route=\/wp\/v2\/media\/11384"}],"wp:attachment":[{"href":"https:\/\/radiocresatelital.com\/index.php?rest_route=%2Fwp%2Fv2%2Fmedia&parent=11357"}],"wp:term":[{"taxonomy":"category","embeddable":true,"href":"https:\/\/radiocresatelital.com\/index.php?rest_route=%2Fwp%2Fv2%2Fcategories&post=11357"},{"taxonomy":"post_tag","embeddable":true,"href":"https:\/\/radiocresatelital.com\/index.php?rest_route=%2Fwp%2Fv2%2Ftags&post=11357"}],"curies":[{"name":"wp","href":"https:\/\/api.w.org\/{rel}","templated":true}]}}