{"id":11354,"date":"2024-02-27T16:16:35","date_gmt":"2024-02-27T16:16:35","guid":{"rendered":"https:\/\/radiocresatelital.com\/?p=11354"},"modified":"2024-02-27T20:31:55","modified_gmt":"2024-02-27T20:31:55","slug":"con-1497-puntos-ecuador-registra-el-riesgo-pais-mas-bajo-en-el-ultimo-ano","status":"publish","type":"post","link":"https:\/\/radiocresatelital.com\/?p=11354","title":{"rendered":"Con 1497 puntos, Ecuador registra el riesgo pa\u00eds m\u00e1s bajo en el \u00faltimo a\u00f1o"},"content":{"rendered":"<p>Quito.- Aunque las medidas econ\u00f3micas dictadas por el gobierno no han sido las m\u00e1s populares, a nivel de la imagen internacional de Ecuador han sido positivas de forma inmediata, pues el pa\u00eds ha experimentado una notable reducci\u00f3n en su riesgo pa\u00eds, alcanzando los 1.497 puntos, que es el nivel m\u00e1s bajo en m\u00e1s de un a\u00f1o.<\/p>\n<p>El presidente Daniel Noboa, en sus primeros cien d\u00edas de mandato, implement\u00f3 reformas econ\u00f3micas que contribuyeron a este descenso, incluyendo el aumento del impuesto al valor agregado y la reducci\u00f3n focalizada de subsidios a los combustibles.<\/p>\n<p>Estas medidas han generado estabilidad fiscal y recibieron el respaldo del Fondo Monetario Internacional, lo que implica para el pa\u00eds una mejora en la percepci\u00f3n internacional sobre la solidez econ\u00f3mica de Ecuador y por lo tanto le abre las puertas para cr\u00e9ditos internacionales en mejores condiciones.<\/p>\n","protected":false},"excerpt":{"rendered":"<p>Quito.- Aunque las medidas econ\u00f3micas dictadas por el gobierno no han sido las m\u00e1s populares, a nivel de la imagen internacional de Ecuador han sido positivas de forma inmediata, pues el pa\u00eds ha experimentado una notable reducci\u00f3n en su riesgo pa\u00eds, alcanzando los 1.497 puntos, que es el nivel m\u00e1s bajo en m\u00e1s de un [&hellip;]<\/p>\n","protected":false},"author":3,"featured_media":11388,"comment_status":"open","ping_status":"closed","sticky":false,"template":"","format":"standard","meta":{"_jetpack_memberships_contains_paid_content":false,"footnotes":""},"categories":[13],"tags":[1919],"class_list":["post-11354","post","type-post","status-publish","format-standard","has-post-thumbnail","hentry","category-noticias-nacionales","tag-ecuador-baja-en-riesgo-pais"],"jetpack_featured_media_url":"https:\/\/radiocresatelital.com\/wp-content\/uploads\/2024\/02\/Syumq26EB-768x000-1.jpeg","jetpack_sharing_enabled":true,"_links":{"self":[{"href":"https:\/\/radiocresatelital.com\/index.php?rest_route=\/wp\/v2\/posts\/11354","targetHints":{"allow":["GET"]}}],"collection":[{"href":"https:\/\/radiocresatelital.com\/index.php?rest_route=\/wp\/v2\/posts"}],"about":[{"href":"https:\/\/radiocresatelital.com\/index.php?rest_route=\/wp\/v2\/types\/post"}],"author":[{"embeddable":true,"href":"https:\/\/radiocresatelital.com\/index.php?rest_route=\/wp\/v2\/users\/3"}],"replies":[{"embeddable":true,"href":"https:\/\/radiocresatelital.com\/index.php?rest_route=%2Fwp%2Fv2%2Fcomments&post=11354"}],"version-history":[{"count":2,"href":"https:\/\/radiocresatelital.com\/index.php?rest_route=\/wp\/v2\/posts\/11354\/revisions"}],"predecessor-version":[{"id":11387,"href":"https:\/\/radiocresatelital.com\/index.php?rest_route=\/wp\/v2\/posts\/11354\/revisions\/11387"}],"wp:featuredmedia":[{"embeddable":true,"href":"https:\/\/radiocresatelital.com\/index.php?rest_route=\/wp\/v2\/media\/11388"}],"wp:attachment":[{"href":"https:\/\/radiocresatelital.com\/index.php?rest_route=%2Fwp%2Fv2%2Fmedia&parent=11354"}],"wp:term":[{"taxonomy":"category","embeddable":true,"href":"https:\/\/radiocresatelital.com\/index.php?rest_route=%2Fwp%2Fv2%2Fcategories&post=11354"},{"taxonomy":"post_tag","embeddable":true,"href":"https:\/\/radiocresatelital.com\/index.php?rest_route=%2Fwp%2Fv2%2Ftags&post=11354"}],"curies":[{"name":"wp","href":"https:\/\/api.w.org\/{rel}","templated":true}]}}