{"id":11351,"date":"2024-02-27T16:02:14","date_gmt":"2024-02-27T16:02:14","guid":{"rendered":"https:\/\/radiocresatelital.com\/?p=11351"},"modified":"2024-02-27T20:29:57","modified_gmt":"2024-02-27T20:29:57","slug":"fito-instructor-y-segun-la-prensa-colombiana-responsable-del-caso-villavicencio","status":"publish","type":"post","link":"https:\/\/radiocresatelital.com\/?p=11351","title":{"rendered":"Fito \u00abinstructor\u00bb y seg\u00fan la prensa colombiana responsable del caso Villavicencio"},"content":{"rendered":"<p>Bogot\u00e1.- Gracias a la prensa colombiana, en Ecuador tuvimos conocimiento de que Jos\u00e9 Mac\u00edas, alias \u00abFito\u00bb, junto con Claudia Garz\u00f3n, ex pacificadora carcelaria contratada por el gobierno de Guillermo Lasso, desde los reclusorios de Ecuador, instru\u00edan a los polic\u00edas colombianos en formaci\u00f3n.<\/p>\n<p>Garz\u00f3n presentaba v\u00eda on line a Fito con \u00abbombos y platillos\u00bb, a los cadetes de polic\u00edas y luego intercambiaban mutuamente frases de elogios y el pr\u00f3fugo nacional \u00abaconsej\u00f3\u00bb a los futuros polic\u00edas colombianos, habl\u00e1ndole de lo importante del estudio ya que \u00abser polic\u00edas no es una profesi\u00f3n\u00bb. Con videos como \u00e9stos se comprueba una vez m\u00e1s todos los privilegios de los cuales gozaba Mac\u00edas en el sistema carcelario nacional.<\/p>\n<p>Es importante resaltar que en el reportaje del Noticiero Uno de Colombia, se da por hecho que Fito es el responsable del asesinato de Fernando Villavicencio, caso que en Ecuador sigue en investigaci\u00f3n.<\/p>\n<p><a href=\"https:\/\/x.com\/juanda158392211\/status\/1761923957748339078?s=20\">https:\/\/x.com\/juanda158392211\/status\/1761923957748339078?s=20<\/a><\/p>\n","protected":false},"excerpt":{"rendered":"<p>Bogot\u00e1.- Gracias a la prensa colombiana, en Ecuador tuvimos conocimiento de que Jos\u00e9 Mac\u00edas, alias \u00abFito\u00bb, junto con Claudia Garz\u00f3n, ex pacificadora carcelaria contratada por el gobierno de Guillermo Lasso, desde los reclusorios de Ecuador, instru\u00edan a los polic\u00edas colombianos en formaci\u00f3n. Garz\u00f3n presentaba v\u00eda on line a Fito con \u00abbombos y platillos\u00bb, a los [&hellip;]<\/p>\n","protected":false},"author":3,"featured_media":11352,"comment_status":"open","ping_status":"closed","sticky":false,"template":"","format":"standard","meta":{"_jetpack_memberships_contains_paid_content":false,"footnotes":""},"categories":[13],"tags":[1918],"class_list":["post-11351","post","type-post","status-publish","format-standard","has-post-thumbnail","hentry","category-noticias-nacionales","tag-fito-instructor"],"jetpack_featured_media_url":"https:\/\/radiocresatelital.com\/wp-content\/uploads\/2024\/02\/garzon-y-fito.jpg","jetpack_sharing_enabled":true,"_links":{"self":[{"href":"https:\/\/radiocresatelital.com\/index.php?rest_route=\/wp\/v2\/posts\/11351","targetHints":{"allow":["GET"]}}],"collection":[{"href":"https:\/\/radiocresatelital.com\/index.php?rest_route=\/wp\/v2\/posts"}],"about":[{"href":"https:\/\/radiocresatelital.com\/index.php?rest_route=\/wp\/v2\/types\/post"}],"author":[{"embeddable":true,"href":"https:\/\/radiocresatelital.com\/index.php?rest_route=\/wp\/v2\/users\/3"}],"replies":[{"embeddable":true,"href":"https:\/\/radiocresatelital.com\/index.php?rest_route=%2Fwp%2Fv2%2Fcomments&post=11351"}],"version-history":[{"count":2,"href":"https:\/\/radiocresatelital.com\/index.php?rest_route=\/wp\/v2\/posts\/11351\/revisions"}],"predecessor-version":[{"id":11386,"href":"https:\/\/radiocresatelital.com\/index.php?rest_route=\/wp\/v2\/posts\/11351\/revisions\/11386"}],"wp:featuredmedia":[{"embeddable":true,"href":"https:\/\/radiocresatelital.com\/index.php?rest_route=\/wp\/v2\/media\/11352"}],"wp:attachment":[{"href":"https:\/\/radiocresatelital.com\/index.php?rest_route=%2Fwp%2Fv2%2Fmedia&parent=11351"}],"wp:term":[{"taxonomy":"category","embeddable":true,"href":"https:\/\/radiocresatelital.com\/index.php?rest_route=%2Fwp%2Fv2%2Fcategories&post=11351"},{"taxonomy":"post_tag","embeddable":true,"href":"https:\/\/radiocresatelital.com\/index.php?rest_route=%2Fwp%2Fv2%2Ftags&post=11351"}],"curies":[{"name":"wp","href":"https:\/\/api.w.org\/{rel}","templated":true}]}}