{"id":11339,"date":"2024-02-26T23:23:56","date_gmt":"2024-02-26T23:23:56","guid":{"rendered":"https:\/\/radiocresatelital.com\/?p=11339"},"modified":"2024-02-26T23:23:56","modified_gmt":"2024-02-26T23:23:56","slug":"gobernador-del-guayas-visita-albergues-en-canton-playas-y-constato-condiciones-de-familias-damnificadas","status":"publish","type":"post","link":"https:\/\/radiocresatelital.com\/?p=11339","title":{"rendered":"Gobernador del Guayas visita albergues en Cant\u00f3n Playas y constat\u00f3 condiciones de familias damnificadas"},"content":{"rendered":"<p>Playas.- El Gobernador Alberto Molina lider\u00f3 una Mesa T\u00e9cnica de Trabajo para coordinar las acciones de seguridad y emergencia en el cant\u00f3n Playas, donde visit\u00f3 los albergues y dialog\u00f3 con los damnificados.<\/p>\n<p>Este 26 de febrero presidi\u00f3 la Mesa T\u00e9cnica de Trabajo en el cant\u00f3n Playas, donde se reuni\u00f3 con el alcalde Gabriel Balladares, y representantes de la Polic\u00eda Nacional, Fuerzas Armadas, Comisi\u00f3n de Tr\u00e1nsito del Ecuador, Ministerio del<br \/>\nAmbiente y Gesti\u00f3n de Riesgos.<\/p>\n<p>Las autoridades evaluaron las medidas de seguridad y emergencia ante las lluvias que han causado estragos en la infraestructura. Las acciones realizadas abarcan control de seguridad, evacuaci\u00f3n de familias, instalaci\u00f3n de albergue, asistencia m\u00e9dica y entrega de ayuda. Se resalt\u00f3 la coordinaci\u00f3n entre las instituciones para atender la crisis.<\/p>\n<p>Posteriormente visitaron los albergues habilitados en el Coliseo Gran Cacique de Playas, donde constataron las condiciones de vida de 160 personas, alrededor de 45 familias, que incluye 69 ni\u00f1os, 8 personas con discapacidad, 2 embarazadas, 9 adolescentes y 63 adultos, mismas que reciben 3 comidas diarias, atenci\u00f3n m\u00e9dica, medicinas, vacunaci\u00f3n, terapias sicol\u00f3gicas, recreacionales para ni\u00f1os y adultos, vestimenta, kits de aseo personal, todo a cargo de los ministerios de Salud y Mies ministerios con coordinaci\u00f3n gubernamental.<\/p>\n<p>Jenny es una de las damnificadas con sus 3 hijos ella agradece la atenci\u00f3n recibida ante la situaci\u00f3n. \u201cEs bueno que el Gobernador est\u00e9 aqu\u00ed, eso nos da tranquilidad\u201d.<\/p>\n<p>El Gobernador dialog\u00f3 con los damnificados y expres\u00f3 su solidaridad. \u201cEstamos aqu\u00ed como Gobierno atendiendo sus necesidades, y felicitamos al alcalde Balladares por la gesti\u00f3n en favor de los afectados. Somos El Nuevo Ecuador, un solo equipo\u201d, se\u00f1al\u00f3 el representante del Ejecutivo.<\/p>\n<p>La Gobernaci\u00f3n del Guayas reitera su compromiso con la comunidad del cant\u00f3n Playas y de toda la provincia, y se compromete a reforzar las acciones en favor de las familias afectadas por el fuerte invierno, con el apoyo de todas las instituciones del Estado<\/p>\n","protected":false},"excerpt":{"rendered":"<p>Playas.- El Gobernador Alberto Molina lider\u00f3 una Mesa T\u00e9cnica de Trabajo para coordinar las acciones de seguridad y emergencia en el cant\u00f3n Playas, donde visit\u00f3 los albergues y dialog\u00f3 con los damnificados. Este 26 de febrero presidi\u00f3 la Mesa T\u00e9cnica de Trabajo en el cant\u00f3n Playas, donde se reuni\u00f3 con el alcalde Gabriel Balladares, y [&hellip;]<\/p>\n","protected":false},"author":2,"featured_media":11340,"comment_status":"open","ping_status":"closed","sticky":false,"template":"","format":"standard","meta":{"_jetpack_memberships_contains_paid_content":false,"footnotes":""},"categories":[13],"tags":[1820,1370],"class_list":["post-11339","post","type-post","status-publish","format-standard","has-post-thumbnail","hentry","category-noticias-nacionales","tag-alberto-molina","tag-gobernador-del-guayas"],"jetpack_featured_media_url":"https:\/\/radiocresatelital.com\/wp-content\/uploads\/2024\/02\/4d867599-e67d-4057-81dd-7c4a7ecaf36e.jpeg","jetpack_sharing_enabled":true,"_links":{"self":[{"href":"https:\/\/radiocresatelital.com\/index.php?rest_route=\/wp\/v2\/posts\/11339","targetHints":{"allow":["GET"]}}],"collection":[{"href":"https:\/\/radiocresatelital.com\/index.php?rest_route=\/wp\/v2\/posts"}],"about":[{"href":"https:\/\/radiocresatelital.com\/index.php?rest_route=\/wp\/v2\/types\/post"}],"author":[{"embeddable":true,"href":"https:\/\/radiocresatelital.com\/index.php?rest_route=\/wp\/v2\/users\/2"}],"replies":[{"embeddable":true,"href":"https:\/\/radiocresatelital.com\/index.php?rest_route=%2Fwp%2Fv2%2Fcomments&post=11339"}],"version-history":[{"count":1,"href":"https:\/\/radiocresatelital.com\/index.php?rest_route=\/wp\/v2\/posts\/11339\/revisions"}],"predecessor-version":[{"id":11341,"href":"https:\/\/radiocresatelital.com\/index.php?rest_route=\/wp\/v2\/posts\/11339\/revisions\/11341"}],"wp:featuredmedia":[{"embeddable":true,"href":"https:\/\/radiocresatelital.com\/index.php?rest_route=\/wp\/v2\/media\/11340"}],"wp:attachment":[{"href":"https:\/\/radiocresatelital.com\/index.php?rest_route=%2Fwp%2Fv2%2Fmedia&parent=11339"}],"wp:term":[{"taxonomy":"category","embeddable":true,"href":"https:\/\/radiocresatelital.com\/index.php?rest_route=%2Fwp%2Fv2%2Fcategories&post=11339"},{"taxonomy":"post_tag","embeddable":true,"href":"https:\/\/radiocresatelital.com\/index.php?rest_route=%2Fwp%2Fv2%2Ftags&post=11339"}],"curies":[{"name":"wp","href":"https:\/\/api.w.org\/{rel}","templated":true}]}}