{"id":11336,"date":"2024-02-26T23:15:22","date_gmt":"2024-02-26T23:15:22","guid":{"rendered":"https:\/\/radiocresatelital.com\/?p=11336"},"modified":"2024-02-26T23:15:22","modified_gmt":"2024-02-26T23:15:22","slug":"lavinia-valbonesi-primera-dama-del-ecuador-presento-el-proyecto-prevencion-y-rescate-de-mujeres-en-situacion-de-violencia-ante-jill-biden","status":"publish","type":"post","link":"https:\/\/radiocresatelital.com\/?p=11336","title":{"rendered":"Lavinia Valbonesi, Primera Dama del Ecuador, present\u00f3 el proyecto Prevenci\u00f3n y Rescate de Mujeres en situaci\u00f3n de violencia ante Jill Biden"},"content":{"rendered":"<p>Washington.- La Primera Dama del Ecuador, Lavinia Valbonesi, en la cita que mantuvo esta tarde 26 de febrero de 2024 con su par estadounidense, Jill Biden, en la Casa Blanca dio a conocer los programas y acciones que se lidera como apoyo a las acciones del Gobierno de su esposo, el presidente Daniel Noboa Az\u00edn.<\/p>\n<p>Durante este hist\u00f3rico encuentro, principalmente trataron de los posibles escenarios de cooperaci\u00f3n apuntados a elevar la calidad de vida de las mujeres impulsando el proyecto Prevenci\u00f3n y Rescate de Mujeres en situaci\u00f3n de Violencia, que emprende la Primera Dama ecuatoriana.<\/p>\n<p>En Ecuador la violencia contra las mujeres es un problema latente. Por eso, este proyecto busca transformar la vida de las sobrevivientes con distintos campos de acci\u00f3n: desde la prevenci\u00f3n de la violencia con educaci\u00f3n y capacitaci\u00f3n en sus habilidades productivas; restauraci\u00f3n y equipamiento de centros de acogida; y la construcci\u00f3n de un centro modelo que responda a las necesidades de las mujeres. El programa se ejecutar\u00e1 durante 14 meses a partir de marzo de este a\u00f1o.<\/p>\n<p>Para Lavinia Valbonesi es vital la cooperaci\u00f3n con EE.UU., ya que as\u00ed el proyecto Prevenci\u00f3n y Rescate de Mujeres en Situaci\u00f3n de Violencia contribuir\u00e1 tambi\u00e9n a rescatar a mujeres del ciclo de la pobreza, de las econom\u00edas criminales, del microtr\u00e1fico de droga y actividades vinculadas a la trata de personas y explotaci\u00f3n sexual.<\/p>\n<p>Adem\u00e1s, la propuesta encaja con la visi\u00f3n del Gobierno Nacional que, de manera transversal, ejecuta pol\u00edticas p\u00fablicas que garanticen el acceso a los derechos igualitarios de las mujeres, en entornos libres de violencia y sin discriminaci\u00f3n, a trav\u00e9s<br \/>\nde la prevenci\u00f3n, atenci\u00f3n y reparaci\u00f3n.<\/p>\n<p>La Primera Dama de Ecuador en el encuentro con Jill Biden tambi\u00e9n resalt\u00f3 que el gobierno ecuatoriano, de manera hist\u00f3rica, conform\u00f3 el gabinete ministerial con un 60% de mujeres.<\/p>\n<p>En respuesta a la cita de alto nivel, Jill Biden mencion\u00f3 que el grupo regional de primeras damas (ALMA por sus siglas en ingl\u00e9s) es un punto de conexi\u00f3n y soporte de prevenci\u00f3n la violencia sexual. Adem\u00e1s, agreg\u00f3 que la Asamblea General de las Naciones Unidas ser\u00e1 un espacio propicio para traer en debate este tema social.<\/p>\n<p><strong>Reuni\u00f3n con el Banco Interamericano de Desarrollo (BID)<\/strong><br \/>\nAdem\u00e1s, como parte de la agenda oficial, la Primera Dama de Ecuador mantuvo una cita de alto nivel con representantes del BID como la jefa de Divisi\u00f3n de G\u00e9nero y Diversidad, Mar\u00eda Caridad Ara\u00fajo; y el representante del banco en Ecuador, Juan Carlos de la Hoz.<\/p>\n<p>Valbonesi y su equipo expusieron ante el organismo multilateral la iniciativa que lidera, en la lucha contra la violencia contra la mujer y basada en g\u00e9nero. La propuesta resalta lo fundamental que es la atenci\u00f3n a las sobrevivientes, pero tambi\u00e9n busca el desarrollo de las habilidades productivas de las mujeres.<\/p>\n<p>Tras este encuentro, el BID expres\u00f3 su inter\u00e9s en apoyar con recursos t\u00e9cnicos para el proyecto de la Primera Dama relativos a metodolog\u00eda, contenido curricular procesos de acompa\u00f1amiento respecto de programas similares que han realizado en otros pa\u00edses.<\/p>\n<p>El pr\u00f3ximo paso, tras esta exitosa reuni\u00f3n que se bas\u00f3 en el intercambio de experiencias, se prev\u00e9 un nuevo encuentro en Quito con el BID en Ecuador y otros especialistas t\u00e9cnicos para definir la ruta que permita una colaboraci\u00f3n entre el equipo de la Primera Dama y el banco.<\/p>\n","protected":false},"excerpt":{"rendered":"<p>Washington.- La Primera Dama del Ecuador, Lavinia Valbonesi, en la cita que mantuvo esta tarde 26 de febrero de 2024 con su par estadounidense, Jill Biden, en la Casa Blanca dio a conocer los programas y acciones que se lidera como apoyo a las acciones del Gobierno de su esposo, el presidente Daniel Noboa Az\u00edn. [&hellip;]<\/p>\n","protected":false},"author":2,"featured_media":11337,"comment_status":"open","ping_status":"closed","sticky":false,"template":"","format":"standard","meta":{"_jetpack_memberships_contains_paid_content":false,"footnotes":""},"categories":[13],"tags":[1898],"class_list":["post-11336","post","type-post","status-publish","format-standard","has-post-thumbnail","hentry","category-noticias-nacionales","tag-lavinia-valbonesi"],"jetpack_featured_media_url":"https:\/\/radiocresatelital.com\/wp-content\/uploads\/2024\/02\/b085ebd8-6d0f-4d9f-ada6-0542db358e53.jpeg","jetpack_sharing_enabled":true,"_links":{"self":[{"href":"https:\/\/radiocresatelital.com\/index.php?rest_route=\/wp\/v2\/posts\/11336","targetHints":{"allow":["GET"]}}],"collection":[{"href":"https:\/\/radiocresatelital.com\/index.php?rest_route=\/wp\/v2\/posts"}],"about":[{"href":"https:\/\/radiocresatelital.com\/index.php?rest_route=\/wp\/v2\/types\/post"}],"author":[{"embeddable":true,"href":"https:\/\/radiocresatelital.com\/index.php?rest_route=\/wp\/v2\/users\/2"}],"replies":[{"embeddable":true,"href":"https:\/\/radiocresatelital.com\/index.php?rest_route=%2Fwp%2Fv2%2Fcomments&post=11336"}],"version-history":[{"count":1,"href":"https:\/\/radiocresatelital.com\/index.php?rest_route=\/wp\/v2\/posts\/11336\/revisions"}],"predecessor-version":[{"id":11338,"href":"https:\/\/radiocresatelital.com\/index.php?rest_route=\/wp\/v2\/posts\/11336\/revisions\/11338"}],"wp:featuredmedia":[{"embeddable":true,"href":"https:\/\/radiocresatelital.com\/index.php?rest_route=\/wp\/v2\/media\/11337"}],"wp:attachment":[{"href":"https:\/\/radiocresatelital.com\/index.php?rest_route=%2Fwp%2Fv2%2Fmedia&parent=11336"}],"wp:term":[{"taxonomy":"category","embeddable":true,"href":"https:\/\/radiocresatelital.com\/index.php?rest_route=%2Fwp%2Fv2%2Fcategories&post=11336"},{"taxonomy":"post_tag","embeddable":true,"href":"https:\/\/radiocresatelital.com\/index.php?rest_route=%2Fwp%2Fv2%2Ftags&post=11336"}],"curies":[{"name":"wp","href":"https:\/\/api.w.org\/{rel}","templated":true}]}}