{"id":11327,"date":"2024-02-26T22:41:24","date_gmt":"2024-02-26T22:41:24","guid":{"rendered":"https:\/\/radiocresatelital.com\/?p=11327"},"modified":"2024-02-26T22:41:24","modified_gmt":"2024-02-26T22:41:24","slug":"donacion-de-sistema-de-videovigilancia-fortalece-la-seguridad-en-el-puente-internacional-de-rumichaca","status":"publish","type":"post","link":"https:\/\/radiocresatelital.com\/?p=11327","title":{"rendered":"Donaci\u00f3n de Sistema de Videovigilancia fortalece la seguridad en el Puente Internacional de Rumichaca"},"content":{"rendered":"<p>Quito.-\u00a0El Centro Nacional de Atenci\u00f3n en Frontera CENAF, ubicado en el Puente Internacional de Rumichaca, cuenta desde hoy, con un nuevo Sistema de Videovigilancia con Anal\u00edtica de Datos y dos salas para entrevistas que permitir\u00e1n reforzar el control migratorio y la seguridad en la frontera de Ecuador con Colombia.<\/p>\n<p>Esta ma\u00f1ana, la Organizaci\u00f3n Internacional para las Migraciones (OIM) por medio del Programa Eurofront, financiado por la Uni\u00f3n Europea, realiz\u00f3 la donaci\u00f3n de este equipamiento a la Subsecretar\u00eda de Migraci\u00f3n del Ministerio del Interior.<\/p>\n<p>El Sistema de Videovigilancia con Anal\u00edtica de Datos cuenta con capacidades de reconocimiento facial, lectura de placas automovil\u00edsticas y un contador de personas. Compuesto por 24 c\u00e1maras estrat\u00e9gicamente ubicadas, proporcionar\u00e1 datos cruciales para investigaciones y an\u00e1lisis forense.<\/p>\n<p>Durante la entrega oficial, Charles-Michel Geurts, embajador de la Uni\u00f3n Europea en Ecuador, se refiri\u00f3 a la cooperaci\u00f3n internacional en seguridad: \u201cEsta es una muestra importante de solidaridad de la Uni\u00f3n Europea, sabiendo que su lucha es nuestra lucha, el mismo crimen trasnacional est\u00e1 actuando aqu\u00ed como en distintas partes de Europa\u201d.<\/p>\n<p>Jos\u00e9 Iv\u00e1n D\u00e1valos, jefe de misi\u00f3n de \u00a0OIM destac\u00f3 que, para continuar la lucha contra trata de personas y trafico il\u00edcito de migrantes, es importante contar con la infraestructura y equipamiento necesarios para ofrecer una respuesta efectiva. \u201cEsperamos mejorar la capacidad para identificar a posibles v\u00edctimas y aprovechar la anal\u00edtica para tomar decisiones fundadas en datos reales\u201d, recalc\u00f3.<\/p>\n<p>El Coronel Holguer Cortez, subsecretario de Migraci\u00f3n, explic\u00f3 que este equipamiento permitir\u00e1 mejorar el control fronterizo. \u201cEstamos enviando un mensaje a esas estructuras criminales, no permitiremos que contin\u00faen abusando de personas vulnerables. Es crucial replicar este modelo en el sur del pa\u00eds\u201d.<\/p>\n<p>Guido N\u00fa\u00f1ez, subsecretario de Seguridad P\u00fablica, extendi\u00f3 un agradecimiento a los cooperantes: \u201cGracias nuevamente a Eurofront. En el Ministerio del Interior daremos todo el respaldo a los procesos de cooperaci\u00f3n internacional, pues estamos convencidos que el modelo europeo de Gesti\u00f3n Integrada de Fronteras es de val\u00eda para el modelo que queremos desarrollar en Ecuador\u201d.<\/p>\n<p>Las nuevas salas para entrevistas buscan fortalecer la protecci\u00f3n ciudadana ante posibles casos de tr\u00e1fico de personas, tr\u00e1fico il\u00edcito de migrantes y delitos relacionados. Este enfoque incluye una primera entrevista est\u00e1ndar por parte de los agentes de control migratorio y, en caso de identificar un caso, los agentes de Polic\u00eda Nacional proceden a una segunda entrevista en las salas habilitadas en el CENAF para evaluar cualquier riesgo potencial.<\/p>\n<p>Finalmente, las autoridades de la Uni\u00f3n Europea, OIM y el Ministerio del Interior realizaron la firma de las actas protocolarias de\u00a0esta\u00a0donaci\u00f3n.<\/p>\n","protected":false},"excerpt":{"rendered":"<p>Quito.-\u00a0El Centro Nacional de Atenci\u00f3n en Frontera CENAF, ubicado en el Puente Internacional de Rumichaca, cuenta desde hoy, con un nuevo Sistema de Videovigilancia con Anal\u00edtica de Datos y dos salas para entrevistas que permitir\u00e1n reforzar el control migratorio y la seguridad en la frontera de Ecuador con Colombia. Esta ma\u00f1ana, la Organizaci\u00f3n Internacional para [&hellip;]<\/p>\n","protected":false},"author":2,"featured_media":11328,"comment_status":"open","ping_status":"closed","sticky":false,"template":"","format":"standard","meta":{"_jetpack_memberships_contains_paid_content":false,"footnotes":""},"categories":[13],"tags":[1910],"class_list":["post-11327","post","type-post","status-publish","format-standard","has-post-thumbnail","hentry","category-noticias-nacionales","tag-centro-nacional-de-atencion-en-frontera"],"jetpack_featured_media_url":"https:\/\/radiocresatelital.com\/wp-content\/uploads\/2024\/02\/20240226134635_IMG_1962-1536x895-1.jpg","jetpack_sharing_enabled":true,"_links":{"self":[{"href":"https:\/\/radiocresatelital.com\/index.php?rest_route=\/wp\/v2\/posts\/11327","targetHints":{"allow":["GET"]}}],"collection":[{"href":"https:\/\/radiocresatelital.com\/index.php?rest_route=\/wp\/v2\/posts"}],"about":[{"href":"https:\/\/radiocresatelital.com\/index.php?rest_route=\/wp\/v2\/types\/post"}],"author":[{"embeddable":true,"href":"https:\/\/radiocresatelital.com\/index.php?rest_route=\/wp\/v2\/users\/2"}],"replies":[{"embeddable":true,"href":"https:\/\/radiocresatelital.com\/index.php?rest_route=%2Fwp%2Fv2%2Fcomments&post=11327"}],"version-history":[{"count":1,"href":"https:\/\/radiocresatelital.com\/index.php?rest_route=\/wp\/v2\/posts\/11327\/revisions"}],"predecessor-version":[{"id":11329,"href":"https:\/\/radiocresatelital.com\/index.php?rest_route=\/wp\/v2\/posts\/11327\/revisions\/11329"}],"wp:featuredmedia":[{"embeddable":true,"href":"https:\/\/radiocresatelital.com\/index.php?rest_route=\/wp\/v2\/media\/11328"}],"wp:attachment":[{"href":"https:\/\/radiocresatelital.com\/index.php?rest_route=%2Fwp%2Fv2%2Fmedia&parent=11327"}],"wp:term":[{"taxonomy":"category","embeddable":true,"href":"https:\/\/radiocresatelital.com\/index.php?rest_route=%2Fwp%2Fv2%2Fcategories&post=11327"},{"taxonomy":"post_tag","embeddable":true,"href":"https:\/\/radiocresatelital.com\/index.php?rest_route=%2Fwp%2Fv2%2Ftags&post=11327"}],"curies":[{"name":"wp","href":"https:\/\/api.w.org\/{rel}","templated":true}]}}