{"id":11324,"date":"2024-02-26T22:39:44","date_gmt":"2024-02-26T22:39:44","guid":{"rendered":"https:\/\/radiocresatelital.com\/?p=11324"},"modified":"2024-02-26T22:39:44","modified_gmt":"2024-02-26T22:39:44","slug":"hospital-teofilo-davila-realiza-cambios-en-areas-estrategicas","status":"publish","type":"post","link":"https:\/\/radiocresatelital.com\/?p=11324","title":{"rendered":"Hospital \u00abTe\u00f3filo D\u00e1vila\u00bb realiza cambios en \u00e1reas estr\u00e1tegicas"},"content":{"rendered":"<p>Machala.- El Hospital \u00abTe\u00f3filo D\u00e1vila\u00bb de Machala realiza cambios en varias \u00e1reas estrat\u00e9gicas con el objetivo de promover el mejoramiento continuo de la calidad de los servicios y el acceso oportuno.<\/p>\n<p>Vilma Poma Bustos, gerente hospitalaria, expres\u00f3 que se oficializan los cambios en consulta externa y la Red P\u00fablica Integral de Salud (RPIS).<\/p>\n<p>Eduy Mu\u00f1iz, ejercer\u00e1 la labor de responsable de la Consulta Externa, donde se atiende un promedio de 5 mil pacientes mensuales. Mientras, que Dustin Ortega dirigir\u00e1 la RPIS que es el sistema de referencia y contrarreferencia de pacientes al sistema de salud p\u00fablico y privado.<\/p>\n<p>Vilma Poma agradeci\u00f3 a los nuevos integrantes de su equipo y los invit\u00f3 a trabajar en beneficio de los pacientes que acuden diariamente al hospital de referencia provincial. Al mismo tiempo, anunci\u00f3 que habr\u00e1 otros cambios considerando los par\u00e1metros de eficiencia, compromiso y transparencia.<\/p>\n<p>Eduy Mu\u00f1iz, agradeci\u00f3 la designaci\u00f3n y manifest\u00f3 estar presto a realizar las acciones necesarias para mejorar la atenci\u00f3n en la Consulta Externa, donde la ciudadan\u00eda acude peri\u00f3dicamente a realizarse los controles m\u00e9dicos.<\/p>\n","protected":false},"excerpt":{"rendered":"<p>Machala.- El Hospital \u00abTe\u00f3filo D\u00e1vila\u00bb de Machala realiza cambios en varias \u00e1reas estrat\u00e9gicas con el objetivo de promover el mejoramiento continuo de la calidad de los servicios y el acceso oportuno. Vilma Poma Bustos, gerente hospitalaria, expres\u00f3 que se oficializan los cambios en consulta externa y la Red P\u00fablica Integral de Salud (RPIS). Eduy Mu\u00f1iz, [&hellip;]<\/p>\n","protected":false},"author":2,"featured_media":11325,"comment_status":"open","ping_status":"closed","sticky":false,"template":"","format":"standard","meta":{"_jetpack_memberships_contains_paid_content":false,"footnotes":""},"categories":[13],"tags":[1909],"class_list":["post-11324","post","type-post","status-publish","format-standard","has-post-thumbnail","hentry","category-noticias-nacionales","tag-teofilo-davila"],"jetpack_featured_media_url":"https:\/\/radiocresatelital.com\/wp-content\/uploads\/2024\/02\/32dec4b3-6031-4442-bec6-97160bc35e07.jpeg","jetpack_sharing_enabled":true,"_links":{"self":[{"href":"https:\/\/radiocresatelital.com\/index.php?rest_route=\/wp\/v2\/posts\/11324","targetHints":{"allow":["GET"]}}],"collection":[{"href":"https:\/\/radiocresatelital.com\/index.php?rest_route=\/wp\/v2\/posts"}],"about":[{"href":"https:\/\/radiocresatelital.com\/index.php?rest_route=\/wp\/v2\/types\/post"}],"author":[{"embeddable":true,"href":"https:\/\/radiocresatelital.com\/index.php?rest_route=\/wp\/v2\/users\/2"}],"replies":[{"embeddable":true,"href":"https:\/\/radiocresatelital.com\/index.php?rest_route=%2Fwp%2Fv2%2Fcomments&post=11324"}],"version-history":[{"count":1,"href":"https:\/\/radiocresatelital.com\/index.php?rest_route=\/wp\/v2\/posts\/11324\/revisions"}],"predecessor-version":[{"id":11326,"href":"https:\/\/radiocresatelital.com\/index.php?rest_route=\/wp\/v2\/posts\/11324\/revisions\/11326"}],"wp:featuredmedia":[{"embeddable":true,"href":"https:\/\/radiocresatelital.com\/index.php?rest_route=\/wp\/v2\/media\/11325"}],"wp:attachment":[{"href":"https:\/\/radiocresatelital.com\/index.php?rest_route=%2Fwp%2Fv2%2Fmedia&parent=11324"}],"wp:term":[{"taxonomy":"category","embeddable":true,"href":"https:\/\/radiocresatelital.com\/index.php?rest_route=%2Fwp%2Fv2%2Fcategories&post=11324"},{"taxonomy":"post_tag","embeddable":true,"href":"https:\/\/radiocresatelital.com\/index.php?rest_route=%2Fwp%2Fv2%2Ftags&post=11324"}],"curies":[{"name":"wp","href":"https:\/\/api.w.org\/{rel}","templated":true}]}}