{"id":11233,"date":"2024-02-23T23:51:58","date_gmt":"2024-02-23T23:51:58","guid":{"rendered":"https:\/\/radiocresatelital.com\/?p=11233"},"modified":"2024-02-23T23:51:58","modified_gmt":"2024-02-23T23:51:58","slug":"secretario-de-gestion-de-riesgos-coordina-acciones-de-respuesta-ante-el-fenomeno-el-nino-en-bolivar-y-los-rios","status":"publish","type":"post","link":"https:\/\/radiocresatelital.com\/?p=11233","title":{"rendered":"Secretario de Gesti\u00f3n de Riesgos coordina acciones de respuesta ante el Fen\u00f3meno El Ni\u00f1o en Bol\u00edvar y Los R\u00edos"},"content":{"rendered":"<p>Quito.- Con el objetivo de articular acciones para la atenci\u00f3n de las familias afectadas ante \u00e9poca lluviosa el secretario de Gesti\u00f3n de Riesgos, Jorge Carrillo, se traslad\u00f3 a la provincia de Bol\u00edvar, donde realiz\u00f3 un recorrido interinstitucional en el malec\u00f3n de Echeand\u00eda, zona donde colapsaron viviendas ante fuertes lluvias, se evaluaron da\u00f1os junto al Gobernador de Bol\u00edvar, representantes de Ministerio de Agricultura y Ganader\u00eda, Ministerio de Transporte y Obras P\u00fablicas, Ministerio de Desarrollo Urbano y Vivienda y la Asamble\u00edsta Mariana Yumbay.<\/p>\n<p>Adem\u00e1s, se mantuvo reuni\u00f3n con las autoridades locales para coordinar y evaluar acciones ante el Fen\u00f3meno El Ni\u00f1o.<\/p>\n<p>La agenda en Bol\u00edvar tambi\u00e9n contempl\u00f3 la entrega de Asistencia Humanitaria a familias afectadas ante \u00e9poca lluviosa en el sector Gal\u00e1pagos como parte de la atenci\u00f3n integral.<\/p>\n<p>Esta Cartera de Estado entreg\u00f3 el d\u00eda de hoy 109 Kits de Asistencia Humanitaria en los sectores: Rosa Mar\u00eda, La Reforma y Carmela, cant\u00f3n Babahoyo, parroquia Pimocha.<\/p>\n<p>Paralelamente se entreg\u00f3 Asistencia Humanitaria a 60 familias afectadas por desbordamiento del r\u00edo Caracol, en el sector La Uva, parroquia La Uni\u00f3n.<\/p>\n<p>En horas de la tarde el secretario de Gesti\u00f3n de Riesgos se traslad\u00f3 a la provincia de Los R\u00edos donde se reuni\u00f3 con el Prefecto Johnny Ter\u00e1n y Gobernador de Los R\u00edos para articular acciones ante el Fen\u00f3meno El Ni\u00f1o y \u00e9poca lluviosa para la atenci\u00f3n integral de las familias afectadas.<\/p>\n<p>La Secretar\u00eda de Gesti\u00f3n de Riesgos, como l\u00edder del Sistema Nacional Descentralizado de Gesti\u00f3n de Riesgos, trabaja para garantizar la protecci\u00f3n de las personas y colectividades de los efectos negativos provocados por los eventos peligrosos.<\/p>\n","protected":false},"excerpt":{"rendered":"<p>Quito.- Con el objetivo de articular acciones para la atenci\u00f3n de las familias afectadas ante \u00e9poca lluviosa el secretario de Gesti\u00f3n de Riesgos, Jorge Carrillo, se traslad\u00f3 a la provincia de Bol\u00edvar, donde realiz\u00f3 un recorrido interinstitucional en el malec\u00f3n de Echeand\u00eda, zona donde colapsaron viviendas ante fuertes lluvias, se evaluaron da\u00f1os junto al Gobernador [&hellip;]<\/p>\n","protected":false},"author":2,"featured_media":11234,"comment_status":"open","ping_status":"closed","sticky":false,"template":"","format":"standard","meta":{"_jetpack_memberships_contains_paid_content":false,"footnotes":""},"categories":[13],"tags":[1896],"class_list":["post-11233","post","type-post","status-publish","format-standard","has-post-thumbnail","hentry","category-noticias-nacionales","tag-secretario-de-riesgos"],"jetpack_featured_media_url":"https:\/\/radiocresatelital.com\/wp-content\/uploads\/2024\/02\/secretario-riesgos.jpeg","jetpack_sharing_enabled":true,"_links":{"self":[{"href":"https:\/\/radiocresatelital.com\/index.php?rest_route=\/wp\/v2\/posts\/11233","targetHints":{"allow":["GET"]}}],"collection":[{"href":"https:\/\/radiocresatelital.com\/index.php?rest_route=\/wp\/v2\/posts"}],"about":[{"href":"https:\/\/radiocresatelital.com\/index.php?rest_route=\/wp\/v2\/types\/post"}],"author":[{"embeddable":true,"href":"https:\/\/radiocresatelital.com\/index.php?rest_route=\/wp\/v2\/users\/2"}],"replies":[{"embeddable":true,"href":"https:\/\/radiocresatelital.com\/index.php?rest_route=%2Fwp%2Fv2%2Fcomments&post=11233"}],"version-history":[{"count":1,"href":"https:\/\/radiocresatelital.com\/index.php?rest_route=\/wp\/v2\/posts\/11233\/revisions"}],"predecessor-version":[{"id":11235,"href":"https:\/\/radiocresatelital.com\/index.php?rest_route=\/wp\/v2\/posts\/11233\/revisions\/11235"}],"wp:featuredmedia":[{"embeddable":true,"href":"https:\/\/radiocresatelital.com\/index.php?rest_route=\/wp\/v2\/media\/11234"}],"wp:attachment":[{"href":"https:\/\/radiocresatelital.com\/index.php?rest_route=%2Fwp%2Fv2%2Fmedia&parent=11233"}],"wp:term":[{"taxonomy":"category","embeddable":true,"href":"https:\/\/radiocresatelital.com\/index.php?rest_route=%2Fwp%2Fv2%2Fcategories&post=11233"},{"taxonomy":"post_tag","embeddable":true,"href":"https:\/\/radiocresatelital.com\/index.php?rest_route=%2Fwp%2Fv2%2Ftags&post=11233"}],"curies":[{"name":"wp","href":"https:\/\/api.w.org\/{rel}","templated":true}]}}