{"id":11206,"date":"2024-02-23T22:37:05","date_gmt":"2024-02-23T22:37:05","guid":{"rendered":"https:\/\/radiocresatelital.com\/?p=11206"},"modified":"2024-02-23T22:37:05","modified_gmt":"2024-02-23T22:37:05","slug":"snyder-el-nino-que-sobrevivio-al-infortunio-y-recibio-el-apoyo-de-la-gobernacion-del-guayass","status":"publish","type":"post","link":"https:\/\/radiocresatelital.com\/?p=11206","title":{"rendered":"Snyder, el ni\u00f1o que sobrevivi\u00f3 al infortunio y recibi\u00f3 el apoyo de la Gobernaci\u00f3n del GuayasS"},"content":{"rendered":"<p>Guayaquil.- El 21 de febrero de 2024, Snyder Jaron Cevallos Zambrano, un ni\u00f1o de 7 a\u00f1os que sufri\u00f3 quemaduras del 75% de su cuerpo en una explosi\u00f3n que le arrebat\u00f3 a su familia, recibi\u00f3 la certificaci\u00f3n de la discapacidad que le permitir\u00e1 acceder a beneficios sociales y m\u00e9dicos.<\/p>\n<p>El gobernador del Guayas, Alberto Molina que ha seguido de cerca el caso del peque\u00f1o Snyder, destac\u00f3 el trabajo de todas las entidades involucradas en su recuperaci\u00f3n. Este logro fue posible gracias a la intervenci\u00f3n del Departamento de Gesti\u00f3n Social de la Gobernaci\u00f3n del Guayas, que asumi\u00f3 una responsabilidad desde que se conoci\u00f3 el caso para brindarle la ayuda necesaria.<\/p>\n<p>Snyder, quien vive bajo el cuidado de su t\u00eda Francisca Cevallos Beltr\u00e1n contin\u00faa recibiendo atenci\u00f3n multidisciplinaria en el Hospital Francisco Icaza Bustamante, donde los especialistas le han emitido los informes necesarios para obtener el carnet de discapacidad que le fue entregado por la coordinaci\u00f3n zonal 8 del Ministerio de Salud P\u00fablica este 23 de febrero, tras determinarse su grado de discapacidad el pasado 10 de enero de 2024<\/p>\n<p>Adem\u00e1s de la ayuda del Gobierno provincial, Snyder recibir\u00e1 el apoyo solidario de la ciudadan\u00eda. El 15 de diciembre de 2023, los ciudadanos Manuel Alejandro P\u00e9rez Baquerizo y Mart\u00edn Icaza Cruz, donaron un traje de compresi\u00f3n que es vital para el tratamiento de las quemaduras, ya que ayuda a prevenir infecciones, cicatrices y contracturas.<\/p>\n<p>\u201cGracias a Dios y a estos extraordinarios profesionales de las diferentes carteras de estado, por su dedicaci\u00f3n en la recuperaci\u00f3n de este angelito\u201d indic\u00f3 Alberto Molina<\/p>\n<p>Por parte del Ministerio de Inclusi\u00f3n Econ\u00f3mica y Social (MIES), Snyder recibir\u00e1 ayuda social y psicol\u00f3gica, as\u00ed como el bono Joaqu\u00edn Gallegos Lara de $240 mensuales, que le permitir\u00e1 cubrir sus necesidades b\u00e1sicas y mejorar su calidad de vida.<\/p>\n<p>Snyder es un ejemplo de superaci\u00f3n y valent\u00eda, que a pesar de haber sufrido una tragedia que le cambi\u00f3 la vida, no se ha rendido y sigue luchando por su recuperaci\u00f3n. Desde la Gobernaci\u00f3n del Guayas nos mantenemos atentos a las necesidades de los ciudadanos.<\/p>\n","protected":false},"excerpt":{"rendered":"<p>Guayaquil.- El 21 de febrero de 2024, Snyder Jaron Cevallos Zambrano, un ni\u00f1o de 7 a\u00f1os que sufri\u00f3 quemaduras del 75% de su cuerpo en una explosi\u00f3n que le arrebat\u00f3 a su familia, recibi\u00f3 la certificaci\u00f3n de la discapacidad que le permitir\u00e1 acceder a beneficios sociales y m\u00e9dicos. El gobernador del Guayas, Alberto Molina que [&hellip;]<\/p>\n","protected":false},"author":2,"featured_media":11207,"comment_status":"open","ping_status":"closed","sticky":false,"template":"","format":"standard","meta":{"_jetpack_memberships_contains_paid_content":false,"footnotes":""},"categories":[13],"tags":[1820,1370],"class_list":["post-11206","post","type-post","status-publish","format-standard","has-post-thumbnail","hentry","category-noticias-nacionales","tag-alberto-molina","tag-gobernador-del-guayas"],"jetpack_featured_media_url":"https:\/\/radiocresatelital.com\/wp-content\/uploads\/2024\/02\/905a7616-841f-4e3c-8596-cc68eb9e894c.jpeg","jetpack_sharing_enabled":true,"_links":{"self":[{"href":"https:\/\/radiocresatelital.com\/index.php?rest_route=\/wp\/v2\/posts\/11206","targetHints":{"allow":["GET"]}}],"collection":[{"href":"https:\/\/radiocresatelital.com\/index.php?rest_route=\/wp\/v2\/posts"}],"about":[{"href":"https:\/\/radiocresatelital.com\/index.php?rest_route=\/wp\/v2\/types\/post"}],"author":[{"embeddable":true,"href":"https:\/\/radiocresatelital.com\/index.php?rest_route=\/wp\/v2\/users\/2"}],"replies":[{"embeddable":true,"href":"https:\/\/radiocresatelital.com\/index.php?rest_route=%2Fwp%2Fv2%2Fcomments&post=11206"}],"version-history":[{"count":1,"href":"https:\/\/radiocresatelital.com\/index.php?rest_route=\/wp\/v2\/posts\/11206\/revisions"}],"predecessor-version":[{"id":11208,"href":"https:\/\/radiocresatelital.com\/index.php?rest_route=\/wp\/v2\/posts\/11206\/revisions\/11208"}],"wp:featuredmedia":[{"embeddable":true,"href":"https:\/\/radiocresatelital.com\/index.php?rest_route=\/wp\/v2\/media\/11207"}],"wp:attachment":[{"href":"https:\/\/radiocresatelital.com\/index.php?rest_route=%2Fwp%2Fv2%2Fmedia&parent=11206"}],"wp:term":[{"taxonomy":"category","embeddable":true,"href":"https:\/\/radiocresatelital.com\/index.php?rest_route=%2Fwp%2Fv2%2Fcategories&post=11206"},{"taxonomy":"post_tag","embeddable":true,"href":"https:\/\/radiocresatelital.com\/index.php?rest_route=%2Fwp%2Fv2%2Ftags&post=11206"}],"curies":[{"name":"wp","href":"https:\/\/api.w.org\/{rel}","templated":true}]}}