{"id":11159,"date":"2024-02-21T17:23:23","date_gmt":"2024-02-21T17:23:23","guid":{"rendered":"https:\/\/radiocresatelital.com\/?p=11159"},"modified":"2024-02-21T17:23:23","modified_gmt":"2024-02-21T17:23:23","slug":"las-exportaciones-no-petroleras-no-mineras-en-2023-experimentaron-su-crecimiento-mas-bajo-en-los-ultimos-7-anos","status":"publish","type":"post","link":"https:\/\/radiocresatelital.com\/?p=11159","title":{"rendered":"Las exportaciones no petroleras, no mineras, en 2023 experimentaron su crecimiento  m\u00e1s bajo en los \u00faltimos 7 a\u00f1os"},"content":{"rendered":"<p>Guayaquil.- La Federaci\u00f3n Ecuatoriana de Exportadores (Fedexpor) presenta el balance anual de comercio exterior del 2023, destacando un crecimiento hist\u00f3ricamente bajo en los \u00faltimos 7 a\u00f1os para las exportaciones no petroleras no mineras.<\/p>\n<p>Sin embargo, Ecuador se consolida como el segundo exportador m\u00e1s importante de productos no petroleros no mineros en la Comunidad Andina, superando a Per\u00fa en 2023. En contraste, Colombia y Per\u00fa enfrentaron retrocesos del 9% y 5% respectivamente en sus exportaciones no petroleras no mineras debido a la desaceleraci\u00f3n global.<\/p>\n<p>En el 2023, la balanza comercial de bienes de Ecuador report\u00f3 un super\u00e1vit de USD 1.988 millones. Aunque la balanza comercial petrolera fue positiva en USD 2.193 millones, la balanza comercial no petrolera present\u00f3 un d\u00e9ficit de USD 195 millones, marcando una disminuci\u00f3n con respecto al 2022.<\/p>\n<p>A continuaci\u00f3n, presentamos la composici\u00f3n de las exportaciones no petroleras no mineras de Ecuador en 2023:<br \/>\n\u2022 Sector acu\u00edcola-pesquero: experiment\u00f3 una reducci\u00f3n del 2%, afectado por menores precios para el camar\u00f3n y condiciones clim\u00e1ticas adversas.<br \/>\n\u2022 Sector agr\u00edcola-agroindustrial: creci\u00f3 m\u00e1s del 10%, impulsado por la recuperaci\u00f3n del sector bananero y el aumento del precio del cacao en grano.<br \/>\n\u2022 Sector manufacturero: tuvo una reducci\u00f3n del 9%, reflejando el ajuste econ\u00f3mico regional y la disminuci\u00f3n en la demanda de productos manufacturados del pa\u00eds.<br \/>\n\u2022 Exportaciones de servicios: alcanzaron USD 1.369 millones en 2023, con un aumento del 2%. Se destacan actividades como el transporte de mercanc\u00edas y la consultor\u00eda, especialmente en el campo de la inform\u00e1tica.<\/p>\n<p>Desde la Federaci\u00f3n Ecuatoriana de Exportadores, destacamos la importancia fortalecer la agenda comercial, con \u00e9nfasis tres mercados clave para potenciar la internacionalizaci\u00f3n de la oferta exportable: Asia, Norteam\u00e9rica y Centroam\u00e9rica.<\/p>\n<p>El acuerdo con China, recientemente ratificado por la Asamblea Nacional del Ecuador, contempla la desgravaci\u00f3n del 99% de la oferta exportable, mientras que, con Costa Rica, el 97%. Adem\u00e1s, el acuerdo estrat\u00e9gico con Corea busca superar desventajas arancelarias y promover la cooperaci\u00f3n econ\u00f3mica.<\/p>\n<p>Uno de los principales retos para el 2024 es continuar articulando esfuerzos entre el sector p\u00fablico y, principalmente, los sectores productivos para impulsar la aprobaci\u00f3n de la Ley IDEA en el congreso de EEUU y lograr la inclusi\u00f3n del Ecuador como beneficiario de la Ley de Recuperaci\u00f3n Econ\u00f3mica de la Cuenca del Caribe, lo que podr\u00eda resultar en una reducci\u00f3n<br \/>\narancelaria al 0% en varios productos.<\/p>\n<p>Con el fin de garantizar la seguridad y eficiencia en la cadena portuaria y log\u00edstica, Fedexpor, como gremio representante, por m\u00e1s de 47 a\u00f1os, del sector exportador de Ecuador, ha trabajado en 2023 conjuntamente con el Ministerio del Interior, la Polic\u00eda Nacional y la cooperaci\u00f3n internacional. Esta colaboraci\u00f3n estrat\u00e9gica busca optimizar los protocolos de seguridad,<br \/>\nreduciendo as\u00ed el impacto de la contaminaci\u00f3n en la carga de exportaci\u00f3n destinada a los principales mercados internacionales.<\/p>\n<p>La colaboraci\u00f3n entre el sector privado y las autoridades gubernamentales demuestra el compromiso compartido hacia un comercio exterior sostenible y seguro, fortaleciendo la posici\u00f3n de Ecuador como actor confiable en el mercado global.<\/p>\n<p>En un contexto en el cual el comercio exterior global se desacelera y las condiciones fiscales requieren de un esfuerzo adicional por parte de empresas y la ciudadan\u00eda, es sumamente importante concentrarse en trabajar en los alicientes para una mejora competitiva, como es buscar la competitividad en los \u00e1mbitos: laboral, tributario, financiero y log\u00edstico.<\/p>\n<p>Felipe Ribadeneira, presidente ejecutivo de Fedexpor, resalta que:<br \/>\n\u201cCon estos resultados, Ecuador enfrenta el desaf\u00edo de impulsar el crecimiento de las exportaciones no petroleras no mineras, enfoc\u00e1ndose en la diversificaci\u00f3n de mercados y el fortalecimiento de acuerdos comerciales estrat\u00e9gicos.\u201d<\/p>\n<p>\u00c1mbito regional<br \/>\nParticularmente las exportaciones de la regi\u00f3n Costa se concentran en productos agroalimentarios y acu\u00edcolas como: camar\u00f3n, enlatados de pescado, pesca fresca, banano y pl\u00e1tano, cacao y elaborados de banano y pl\u00e1tano.<\/p>\n<p>M\u00e1s sobre estos productos:<br \/>\n\u2022 En el caso de las exportaciones de camar\u00f3n, el precio de exportaci\u00f3n ha llegado a niveles m\u00ednimos hist\u00f3ricos, que, de acuerdo a informaci\u00f3n del Banco Central del Ecuador, no se hab\u00eda registrado desde abril de 2010. Esta situaci\u00f3n ha influenciado para que las exportaciones de este producto disminuyan en 1% en 2023.<\/p>\n<p>\u2022 Las exportaciones de enlatados de pescado registran reducci\u00f3n de 3% en valor y 9% en volumen, principalmente por una menor demanda de estos productos de Estados Unidos y de Colombia.<\/p>\n<p>\u2022 Las exportaciones de banano y pl\u00e1tano registran crecimiento despu\u00e9s de dos a\u00f1os de reducci\u00f3n consecutiva y superan el r\u00e9cord de exportaci\u00f3n obtenido en 2020, con USD 3.771 millones en 2023.<\/p>\n<p>\u2022 Para el cacao en grano, las exportaciones registraron un r\u00e9cord en valor en 2023, alcanzando USD 1.171 millones, explicados principalmente por el incremento de su precio, que hasta diciembre de 2023 se ubic\u00f3 en un valor superior en 74% al precio promedio de a\u00f1os anteriores.<\/p>\n<p>\u2022 Las exportaciones de elaborados de banano tuvieron un importante crecimiento del 21% en 2023. Contrario a la mayor\u00eda de productos, Estados Unidos increment\u00f3 su consumo en este tipo de productos. Otros destinos tambi\u00e9n fueron relevantes como la Uni\u00f3n Europea y Chile<\/p>\n","protected":false},"excerpt":{"rendered":"<p>Guayaquil.- La Federaci\u00f3n Ecuatoriana de Exportadores (Fedexpor) presenta el balance anual de comercio exterior del 2023, destacando un crecimiento hist\u00f3ricamente bajo en los \u00faltimos 7 a\u00f1os para las exportaciones no petroleras no mineras. Sin embargo, Ecuador se consolida como el segundo exportador m\u00e1s importante de productos no petroleros no mineros en la Comunidad Andina, superando [&hellip;]<\/p>\n","protected":false},"author":2,"featured_media":11160,"comment_status":"open","ping_status":"closed","sticky":false,"template":"","format":"standard","meta":{"_jetpack_memberships_contains_paid_content":false,"footnotes":""},"categories":[13],"tags":[961],"class_list":["post-11159","post","type-post","status-publish","format-standard","has-post-thumbnail","hentry","category-noticias-nacionales","tag-fedexpor"],"jetpack_featured_media_url":"https:\/\/radiocresatelital.com\/wp-content\/uploads\/2024\/02\/95336101-f7a2-4171-a04b-6f03564f2ffd.jpeg","jetpack_sharing_enabled":true,"_links":{"self":[{"href":"https:\/\/radiocresatelital.com\/index.php?rest_route=\/wp\/v2\/posts\/11159","targetHints":{"allow":["GET"]}}],"collection":[{"href":"https:\/\/radiocresatelital.com\/index.php?rest_route=\/wp\/v2\/posts"}],"about":[{"href":"https:\/\/radiocresatelital.com\/index.php?rest_route=\/wp\/v2\/types\/post"}],"author":[{"embeddable":true,"href":"https:\/\/radiocresatelital.com\/index.php?rest_route=\/wp\/v2\/users\/2"}],"replies":[{"embeddable":true,"href":"https:\/\/radiocresatelital.com\/index.php?rest_route=%2Fwp%2Fv2%2Fcomments&post=11159"}],"version-history":[{"count":1,"href":"https:\/\/radiocresatelital.com\/index.php?rest_route=\/wp\/v2\/posts\/11159\/revisions"}],"predecessor-version":[{"id":11161,"href":"https:\/\/radiocresatelital.com\/index.php?rest_route=\/wp\/v2\/posts\/11159\/revisions\/11161"}],"wp:featuredmedia":[{"embeddable":true,"href":"https:\/\/radiocresatelital.com\/index.php?rest_route=\/wp\/v2\/media\/11160"}],"wp:attachment":[{"href":"https:\/\/radiocresatelital.com\/index.php?rest_route=%2Fwp%2Fv2%2Fmedia&parent=11159"}],"wp:term":[{"taxonomy":"category","embeddable":true,"href":"https:\/\/radiocresatelital.com\/index.php?rest_route=%2Fwp%2Fv2%2Fcategories&post=11159"},{"taxonomy":"post_tag","embeddable":true,"href":"https:\/\/radiocresatelital.com\/index.php?rest_route=%2Fwp%2Fv2%2Ftags&post=11159"}],"curies":[{"name":"wp","href":"https:\/\/api.w.org\/{rel}","templated":true}]}}