{"id":11150,"date":"2024-02-21T16:16:48","date_gmt":"2024-02-21T16:16:48","guid":{"rendered":"https:\/\/radiocresatelital.com\/?p=11150"},"modified":"2024-02-21T16:16:48","modified_gmt":"2024-02-21T16:16:48","slug":"iva-subira-al-15","status":"publish","type":"post","link":"https:\/\/radiocresatelital.com\/?p=11150","title":{"rendered":"IVA subir\u00e1 al 15%"},"content":{"rendered":"<p>Quito.- El ministro de Econom\u00eda,<strong>\u00a0Juan Carlos Vega<\/strong>, confirm\u00f3 que a partir de Abril el IVA subir\u00e1 al 15%, que es lo m\u00e1ximo que le permite la ley al presidente\u00a0 Daniel Noboa.<\/p>\n<p>Es importante recordar que el aumento del IVA fue propuesto por el gobierno mediante una ley en la Asamblea Nacional, no solo por la precaria situaci\u00f3n de las arcas estatales, sino porque se necesita recurso de forma inmediata para continuar fianciando el trabajo de las Fuerzas Armadas y la Polic\u00eda Nacional en el Conflicto Interno Armado que vive el Ecuador.<\/p>\n<p>El incremento recaudatorio\u00a0<strong>no fue incluido en el presupuesto 2024<\/strong> que fue presentado ayer a la Asamblea Nacional, porque el gobierno <span class=\"css-1qaijid r-bcqeeo r-qvutc0 r-poiln3\">espera la publicaci\u00f3n de la Reforma Tributaria en el Registro Oficial para iniciar su aplicaci\u00f3n, discrecional. <\/span><span class=\"css-1qaijid r-bcqeeo r-qvutc0 r-poiln3\">\u00a0<\/span><\/p>\n","protected":false},"excerpt":{"rendered":"<p>Quito.- El ministro de Econom\u00eda,\u00a0Juan Carlos Vega, confirm\u00f3 que a partir de Abril el IVA subir\u00e1 al 15%, que es lo m\u00e1ximo que le permite la ley al presidente\u00a0 Daniel Noboa. Es importante recordar que el aumento del IVA fue propuesto por el gobierno mediante una ley en la Asamblea Nacional, no solo por la [&hellip;]<\/p>\n","protected":false},"author":3,"featured_media":8914,"comment_status":"open","ping_status":"closed","sticky":false,"template":"","format":"standard","meta":{"_jetpack_memberships_contains_paid_content":false,"footnotes":""},"categories":[13],"tags":[],"class_list":["post-11150","post","type-post","status-publish","format-standard","has-post-thumbnail","hentry","category-noticias-nacionales"],"jetpack_featured_media_url":"https:\/\/radiocresatelital.com\/wp-content\/uploads\/2023\/12\/juan-carlos-vega.jpeg","jetpack_sharing_enabled":true,"_links":{"self":[{"href":"https:\/\/radiocresatelital.com\/index.php?rest_route=\/wp\/v2\/posts\/11150","targetHints":{"allow":["GET"]}}],"collection":[{"href":"https:\/\/radiocresatelital.com\/index.php?rest_route=\/wp\/v2\/posts"}],"about":[{"href":"https:\/\/radiocresatelital.com\/index.php?rest_route=\/wp\/v2\/types\/post"}],"author":[{"embeddable":true,"href":"https:\/\/radiocresatelital.com\/index.php?rest_route=\/wp\/v2\/users\/3"}],"replies":[{"embeddable":true,"href":"https:\/\/radiocresatelital.com\/index.php?rest_route=%2Fwp%2Fv2%2Fcomments&post=11150"}],"version-history":[{"count":3,"href":"https:\/\/radiocresatelital.com\/index.php?rest_route=\/wp\/v2\/posts\/11150\/revisions"}],"predecessor-version":[{"id":11158,"href":"https:\/\/radiocresatelital.com\/index.php?rest_route=\/wp\/v2\/posts\/11150\/revisions\/11158"}],"wp:featuredmedia":[{"embeddable":true,"href":"https:\/\/radiocresatelital.com\/index.php?rest_route=\/wp\/v2\/media\/8914"}],"wp:attachment":[{"href":"https:\/\/radiocresatelital.com\/index.php?rest_route=%2Fwp%2Fv2%2Fmedia&parent=11150"}],"wp:term":[{"taxonomy":"category","embeddable":true,"href":"https:\/\/radiocresatelital.com\/index.php?rest_route=%2Fwp%2Fv2%2Fcategories&post=11150"},{"taxonomy":"post_tag","embeddable":true,"href":"https:\/\/radiocresatelital.com\/index.php?rest_route=%2Fwp%2Fv2%2Ftags&post=11150"}],"curies":[{"name":"wp","href":"https:\/\/api.w.org\/{rel}","templated":true}]}}