{"id":11145,"date":"2024-02-20T21:48:28","date_gmt":"2024-02-20T21:48:28","guid":{"rendered":"https:\/\/radiocresatelital.com\/?p=11145"},"modified":"2024-02-20T21:48:28","modified_gmt":"2024-02-20T21:48:28","slug":"un-total-968-operativos-se-han-ejecutado-por-el-bloque-de-seguridad-en-la-provincia-de-el-oro","status":"publish","type":"post","link":"https:\/\/radiocresatelital.com\/?p=11145","title":{"rendered":"Un total 968 operativos se han ejecutado por el Bloque de Seguridad  en la provincia de El Oro"},"content":{"rendered":"<p>Machala.- A 41 d\u00edas del trabajo del Bloque de Seguridad, integrado por las Fuerzas Armadas y la Polic\u00eda Nacional el gobernador Jimmy Blacio junto a los jefes de estas instituciones brindaron detalles de los resultados de las intervenciones ejecutadas en la provincia de El Oro.<\/p>\n<p>\u201cEl Gobierno Nacional est\u00e1 muy preocupado por la seguridad de los ecuatorianos, y nosotros como Bloque de Seguridad hemos venido trabajando durante 41 d\u00edas, tras la firma de los Decretos 110 y 111, y lo hemos hecho sin descanso. Lo que qu\u00e9 ha repercutido en la tranquilidad de los orenses.<\/p>\n<p>Adem\u00e1s, el Ejecutivo provincial se refiri\u00f3 a la intervenci\u00f3n del Centro de Privaci\u00f3n de Libertad, en donde se ha trabajado en el decomiso de art\u00edculos prohibidos.<\/p>\n<p>Trabajando siempre, garantizando los derechos humanos para lo cual se ha adecuado zonas como las bater\u00edas higi\u00e9nicas, la iluminaci\u00f3n, la atenci\u00f3n en salud de los PPL, con lo cual se logr\u00f3 que todos los privados de libertad gocen de los mismos servicios, sin privilegio alguno, asegur\u00f3 el gobernador Blacio.<\/p>\n<p>En la rueda de prensa se dio la bienvenida al Coronel Juan Carlos Mafla Alvear, nuevo Comandante de la Polic\u00eda Subzona El Oro.<\/p>\n<p>El nuevo jefe policial aseguro que en lo que va del presente a\u00f1o se han desarrollado 968 operativos, de los cuales 903 son operativos ordinarios, 57 extraordinarios y 8 especiales. Se ha aprehendido a 67 personas. Se recuper\u00f3 dos veh\u00edculos y 8 motos recuperadas; adem\u00e1s se retuvo 11 veh\u00edculos, 89 motos, 12 armas de fuego, 108 cartuchos aprehendidos y un grupo terrorista desarticulado.<\/p>\n<p>Inform\u00f3 que se han presentado 20 eventos violentos, frente a los 75 del a\u00f1o 2023, lo que implica una reducci\u00f3n de 73%. Les preocupa el cant\u00f3n Zaruma en donde en lo que va del a\u00f1o se han presentado cuatro eventos, por lo que se est\u00e1 priorizando este Distrito para las nuevas estrategias de seguridad.<\/p>\n<p>El coronel Patricio Ord\u00f3\u00f1ez, Comandante de la Brigada de Infanter\u00eda El Oro, inform\u00f3 que las operaciones de intervenci\u00f3n al Centro de Privaci\u00f3n de Libertad han permitido el decomiso de: 12 armas de fuego, 71 armas blancas, 15 alimentadoras, 2.500 municiones de diferente calibre, 10 bloques de droga, 752 celulares, cinco mil metros de cable para internet inhabilitados, tres chalecos antibalas. 9562 d\u00f3lares en efectivo y otros objetos como joyas, televisores, congeladores, entre otros art\u00edculos.<\/p>\n<p>\u201cDesde que se intervino el Centro de Privaci\u00f3n de Libertad No. 1 Machala, se vio autom\u00e1ticamente que disminuyo la criminalidad y la delincuencia en toda la provincia\u201d, refiri\u00f3 el Jefe militar.<\/p>\n<p>El trabajo del Bloque de Seguridad ha logrado la captura de 97 terroristas; la incautaci\u00f3n de 38.532 d\u00f3lares en efectivo; el decomiso de 6.498 gramos de sustancias sujetas a fiscalizaci\u00f3n, 86 armas de fuego, 4.007 municiones, 25.345 explosivos y 67 alimentadoras.<\/p>\n<p>Marcelo L\u00f3pez, Comandante del Batall\u00f3n de Infanter\u00eda de Marina Jambel\u00ed se\u00f1al\u00f3 que dentro de su trabajo en el territorio mar\u00edtimo se ha logrado 231 operaciones terrestres, 84 operaciones fluviales y se ha dado 19 golpes a actividades il\u00edcitas.<br \/>\nEl gobernador Jimmy Blacio ratific\u00f3 que el trabajo del Bloque de Seguridad continuar\u00e1 en la provincia, pues el compromiso gubernamental es reforzar la seguridad de los orenses.<\/p>\n","protected":false},"excerpt":{"rendered":"<p>Machala.- A 41 d\u00edas del trabajo del Bloque de Seguridad, integrado por las Fuerzas Armadas y la Polic\u00eda Nacional el gobernador Jimmy Blacio junto a los jefes de estas instituciones brindaron detalles de los resultados de las intervenciones ejecutadas en la provincia de El Oro. \u201cEl Gobierno Nacional est\u00e1 muy preocupado por la seguridad de [&hellip;]<\/p>\n","protected":false},"author":2,"featured_media":11147,"comment_status":"open","ping_status":"closed","sticky":false,"template":"","format":"standard","meta":{"_jetpack_memberships_contains_paid_content":false,"footnotes":""},"categories":[13],"tags":[1703,1390],"class_list":["post-11145","post","type-post","status-publish","format-standard","has-post-thumbnail","hentry","category-noticias-nacionales","tag-gobernador-el-oro","tag-jimmy-blacio"],"jetpack_featured_media_url":"https:\/\/radiocresatelital.com\/wp-content\/uploads\/2024\/02\/b5fe0cc7-2d0b-4566-8ce9-bc9028a25119.jpeg","jetpack_sharing_enabled":true,"_links":{"self":[{"href":"https:\/\/radiocresatelital.com\/index.php?rest_route=\/wp\/v2\/posts\/11145","targetHints":{"allow":["GET"]}}],"collection":[{"href":"https:\/\/radiocresatelital.com\/index.php?rest_route=\/wp\/v2\/posts"}],"about":[{"href":"https:\/\/radiocresatelital.com\/index.php?rest_route=\/wp\/v2\/types\/post"}],"author":[{"embeddable":true,"href":"https:\/\/radiocresatelital.com\/index.php?rest_route=\/wp\/v2\/users\/2"}],"replies":[{"embeddable":true,"href":"https:\/\/radiocresatelital.com\/index.php?rest_route=%2Fwp%2Fv2%2Fcomments&post=11145"}],"version-history":[{"count":1,"href":"https:\/\/radiocresatelital.com\/index.php?rest_route=\/wp\/v2\/posts\/11145\/revisions"}],"predecessor-version":[{"id":11148,"href":"https:\/\/radiocresatelital.com\/index.php?rest_route=\/wp\/v2\/posts\/11145\/revisions\/11148"}],"wp:featuredmedia":[{"embeddable":true,"href":"https:\/\/radiocresatelital.com\/index.php?rest_route=\/wp\/v2\/media\/11147"}],"wp:attachment":[{"href":"https:\/\/radiocresatelital.com\/index.php?rest_route=%2Fwp%2Fv2%2Fmedia&parent=11145"}],"wp:term":[{"taxonomy":"category","embeddable":true,"href":"https:\/\/radiocresatelital.com\/index.php?rest_route=%2Fwp%2Fv2%2Fcategories&post=11145"},{"taxonomy":"post_tag","embeddable":true,"href":"https:\/\/radiocresatelital.com\/index.php?rest_route=%2Fwp%2Fv2%2Ftags&post=11145"}],"curies":[{"name":"wp","href":"https:\/\/api.w.org\/{rel}","templated":true}]}}