{"id":11101,"date":"2024-02-19T20:46:20","date_gmt":"2024-02-19T20:46:20","guid":{"rendered":"https:\/\/radiocresatelital.com\/?p=11101"},"modified":"2024-02-19T20:46:20","modified_gmt":"2024-02-19T20:46:20","slug":"gobernador-alberto-molina-se-une-a-la-campana-para-fortalecer-la-cultura-en-r-la-cultura-en-duran","status":"publish","type":"post","link":"https:\/\/radiocresatelital.com\/?p=11101","title":{"rendered":"Gobernador Alberto Molina se une a la Campa\u00f1a para fortalecer la cultura en R LA CULTURA EN DUR\u00c1N"},"content":{"rendered":"<p>Guayaquil.- M\u00e1s de 20 j\u00f3venes forman parte de la Orquesta de C\u00e1mara de Dur\u00e1n, agrupaci\u00f3n formada por la Red de Gesti\u00f3n Cultural de ese cant\u00f3n y quienes recibieron la vista del gobernador, Alberto Molina, en el lugar de ensayo.<\/p>\n<p>El repertorio de los j\u00f3venes va desde lo cl\u00e1sico hasta la m\u00fasica nacional. A decir del presidente de la Red de Gesti\u00f3n Cultural de Dur\u00e1n, Jorge Loaysa, todo el trabajo que se realiza en la orquesta, es con instrumentos donados.<\/p>\n<p>\u201cDesde el 2021 conformamos este grupo de j\u00f3venes, que hasta ahora se ha mantenido, agradecemos que el Gobernador nos haya visitado y que forme parte de esta campa\u00f1a de cultura, no solo en Dur\u00e1n si no en todo Guayas\u201d dijo Loaysa.<\/p>\n<p>Esta Red Cultural est\u00e1 conformada por m\u00e1s de 40 gestores quienes est\u00e1n implementando el Plan de cultura, dentro de sus ejes.<\/p>\n<p>\u201cDur\u00e1n no solo debe aparecer en la cr\u00f3nica roja, tambi\u00e9n es un gran referente cultural con un gran gestor cultural como Jorge Loaysa, que prepara a ni\u00f1os y j\u00f3venes y mantiene una orquesta de c\u00e1mara. Hoy los visit\u00e9 y entregu\u00e9 un saxof\u00f3n como parte de esa campa\u00f1a c\u00edvico-cultural. Esto es maravillo, un\u00e1monos y apoyemos para volver a tener una cultura de paz\u201d, sostuvo Molina.<\/p>\n","protected":false},"excerpt":{"rendered":"<p>Guayaquil.- M\u00e1s de 20 j\u00f3venes forman parte de la Orquesta de C\u00e1mara de Dur\u00e1n, agrupaci\u00f3n formada por la Red de Gesti\u00f3n Cultural de ese cant\u00f3n y quienes recibieron la vista del gobernador, Alberto Molina, en el lugar de ensayo. El repertorio de los j\u00f3venes va desde lo cl\u00e1sico hasta la m\u00fasica nacional. A decir del [&hellip;]<\/p>\n","protected":false},"author":2,"featured_media":11102,"comment_status":"open","ping_status":"closed","sticky":false,"template":"","format":"standard","meta":{"_jetpack_memberships_contains_paid_content":false,"footnotes":""},"categories":[13],"tags":[1820,1370],"class_list":["post-11101","post","type-post","status-publish","format-standard","has-post-thumbnail","hentry","category-noticias-nacionales","tag-alberto-molina","tag-gobernador-del-guayas"],"jetpack_featured_media_url":"https:\/\/radiocresatelital.com\/wp-content\/uploads\/2024\/02\/aefa9f8e-2cf1-49d5-a6d9-ae85366818e2.jpeg","jetpack_sharing_enabled":true,"_links":{"self":[{"href":"https:\/\/radiocresatelital.com\/index.php?rest_route=\/wp\/v2\/posts\/11101","targetHints":{"allow":["GET"]}}],"collection":[{"href":"https:\/\/radiocresatelital.com\/index.php?rest_route=\/wp\/v2\/posts"}],"about":[{"href":"https:\/\/radiocresatelital.com\/index.php?rest_route=\/wp\/v2\/types\/post"}],"author":[{"embeddable":true,"href":"https:\/\/radiocresatelital.com\/index.php?rest_route=\/wp\/v2\/users\/2"}],"replies":[{"embeddable":true,"href":"https:\/\/radiocresatelital.com\/index.php?rest_route=%2Fwp%2Fv2%2Fcomments&post=11101"}],"version-history":[{"count":1,"href":"https:\/\/radiocresatelital.com\/index.php?rest_route=\/wp\/v2\/posts\/11101\/revisions"}],"predecessor-version":[{"id":11103,"href":"https:\/\/radiocresatelital.com\/index.php?rest_route=\/wp\/v2\/posts\/11101\/revisions\/11103"}],"wp:featuredmedia":[{"embeddable":true,"href":"https:\/\/radiocresatelital.com\/index.php?rest_route=\/wp\/v2\/media\/11102"}],"wp:attachment":[{"href":"https:\/\/radiocresatelital.com\/index.php?rest_route=%2Fwp%2Fv2%2Fmedia&parent=11101"}],"wp:term":[{"taxonomy":"category","embeddable":true,"href":"https:\/\/radiocresatelital.com\/index.php?rest_route=%2Fwp%2Fv2%2Fcategories&post=11101"},{"taxonomy":"post_tag","embeddable":true,"href":"https:\/\/radiocresatelital.com\/index.php?rest_route=%2Fwp%2Fv2%2Ftags&post=11101"}],"curies":[{"name":"wp","href":"https:\/\/api.w.org\/{rel}","templated":true}]}}