{"id":11095,"date":"2024-02-19T20:34:42","date_gmt":"2024-02-19T20:34:42","guid":{"rendered":"https:\/\/radiocresatelital.com\/?p=11095"},"modified":"2024-02-19T20:34:42","modified_gmt":"2024-02-19T20:34:42","slug":"presidente-daniel-noboa-condecoro-al-periodista-jose-delgado-por-su-sobresaliente-labor-en-la-comunicacion-social","status":"publish","type":"post","link":"https:\/\/radiocresatelital.com\/?p=11095","title":{"rendered":"Presidente Daniel Noboa condecor\u00f3 al Periodista Jos\u00e9 Delgado por su sobresaliente labor en la Comunicaci\u00f3n Social"},"content":{"rendered":"<p>Guayaquil.- El reconocido periodista, Jos\u00e9 Enrique Delgado Nievecela, recibi\u00f3 la condecoraci\u00f3n de la Orden Nacional \u201cAl M\u00e9rito\u201d en el Grado de Caballero por parte del presidente de la Rep\u00fablica, Daniel Noboa Azin. La ceremonia se realiz\u00f3 esta ma\u00f1ana, 19 de febrero de 2024, en la Gobernaci\u00f3n del Guayas.<\/p>\n<p>La distinci\u00f3n a Delgado, un referente del periodismo ecuatoriano, obedece a su trayectoria en el \u00e1mbito de la comunicaci\u00f3n social, profesi\u00f3n en la que ha demostrado integridad, profesionalismo y compromiso con las m\u00e1s altas causas nacionales, en<br \/>\ndefensa de la justicia y la equidad sobre todo en la comunidad guayaquile\u00f1a, dicta el Decreto Ejecutivo N\u00b0 169.<\/p>\n<p>El Jefe de Estado afirm\u00f3 que la carrera period\u00edstica del comunicador, por m\u00e1s de tres d\u00e9cadas, \u201cnos ha ense\u00f1ado aspectos de la sociedad que muchos quisieran ignorar (\u2026). Esta condecoraci\u00f3n es una reafirmaci\u00f3n de que est\u00e1 en el coraz\u00f3n de los ecuatorianos, especialmente de los guayaquile\u00f1os\u201d, sostuvo el Mandatario.<\/p>\n<p>Por su parte, Jos\u00e9 Delgado expres\u00f3 que su trabajo se dedica a mostrar, en carne propia, las realidades que cada grupo vive en su ciudad, barrio o sector: \u201cPara m\u00ed es un aprendizaje de vida, por eso el periodismo se vuelve apasionante, lleno de desaf\u00edos. Nosotros los periodistas somos los encargados de palpar sus problemas\u2026\u201d.<\/p>\n<p>Al mismo tiempo, el periodista agradeci\u00f3 a su equipo de trabajo que lo acompa\u00f1a en las coberturas, por alcanzar las metas propuestas; y sostuvo que, aunque Ecuador vive momentos complejos en cuanto al tema de seguridad, es importante reconocer la labor que las fuerzas del orden ejecutan para restaurar la paz.<\/p>\n<p>Al finalizar, el Presidente reiter\u00f3 que la condecoraci\u00f3n a nombre del gobierno nacional es un agradecimiento \u201cpor su periodismo vivencial que evidencia las desigualdades de la sociedad pero que a su vez busca la soluci\u00f3n que podemos tejer desde distintos sectores\u201d.<\/p>\n","protected":false},"excerpt":{"rendered":"<p>Guayaquil.- El reconocido periodista, Jos\u00e9 Enrique Delgado Nievecela, recibi\u00f3 la condecoraci\u00f3n de la Orden Nacional \u201cAl M\u00e9rito\u201d en el Grado de Caballero por parte del presidente de la Rep\u00fablica, Daniel Noboa Azin. La ceremonia se realiz\u00f3 esta ma\u00f1ana, 19 de febrero de 2024, en la Gobernaci\u00f3n del Guayas. La distinci\u00f3n a Delgado, un referente del [&hellip;]<\/p>\n","protected":false},"author":2,"featured_media":11096,"comment_status":"open","ping_status":"closed","sticky":false,"template":"","format":"standard","meta":{"_jetpack_memberships_contains_paid_content":false,"footnotes":""},"categories":[13],"tags":[1881,1322],"class_list":["post-11095","post","type-post","status-publish","format-standard","has-post-thumbnail","hentry","category-noticias-nacionales","tag-jose-delgado","tag-presidente-daniel-noboa"],"jetpack_featured_media_url":"https:\/\/radiocresatelital.com\/wp-content\/uploads\/2024\/02\/53539708105_24cbe43aa4_c.jpg","jetpack_sharing_enabled":true,"_links":{"self":[{"href":"https:\/\/radiocresatelital.com\/index.php?rest_route=\/wp\/v2\/posts\/11095","targetHints":{"allow":["GET"]}}],"collection":[{"href":"https:\/\/radiocresatelital.com\/index.php?rest_route=\/wp\/v2\/posts"}],"about":[{"href":"https:\/\/radiocresatelital.com\/index.php?rest_route=\/wp\/v2\/types\/post"}],"author":[{"embeddable":true,"href":"https:\/\/radiocresatelital.com\/index.php?rest_route=\/wp\/v2\/users\/2"}],"replies":[{"embeddable":true,"href":"https:\/\/radiocresatelital.com\/index.php?rest_route=%2Fwp%2Fv2%2Fcomments&post=11095"}],"version-history":[{"count":1,"href":"https:\/\/radiocresatelital.com\/index.php?rest_route=\/wp\/v2\/posts\/11095\/revisions"}],"predecessor-version":[{"id":11097,"href":"https:\/\/radiocresatelital.com\/index.php?rest_route=\/wp\/v2\/posts\/11095\/revisions\/11097"}],"wp:featuredmedia":[{"embeddable":true,"href":"https:\/\/radiocresatelital.com\/index.php?rest_route=\/wp\/v2\/media\/11096"}],"wp:attachment":[{"href":"https:\/\/radiocresatelital.com\/index.php?rest_route=%2Fwp%2Fv2%2Fmedia&parent=11095"}],"wp:term":[{"taxonomy":"category","embeddable":true,"href":"https:\/\/radiocresatelital.com\/index.php?rest_route=%2Fwp%2Fv2%2Fcategories&post=11095"},{"taxonomy":"post_tag","embeddable":true,"href":"https:\/\/radiocresatelital.com\/index.php?rest_route=%2Fwp%2Fv2%2Ftags&post=11095"}],"curies":[{"name":"wp","href":"https:\/\/api.w.org\/{rel}","templated":true}]}}