{"id":11082,"date":"2024-02-19T16:55:32","date_gmt":"2024-02-19T16:55:32","guid":{"rendered":"https:\/\/radiocresatelital.com\/?p=11082"},"modified":"2024-02-19T16:55:32","modified_gmt":"2024-02-19T16:55:32","slug":"lasso-y-fitzpatrick-sabian-lo-que-hacia-tanya-varela-asegura-victor-arauz","status":"publish","type":"post","link":"https:\/\/radiocresatelital.com\/?p=11082","title":{"rendered":"Lasso y Fitzpatrick sab\u00edan lo que hac\u00eda Tanya Varela, asegura V\u00edctor Ar\u00e1uz"},"content":{"rendered":"<p>Guayaquil.- El General en servicio pasivo, V\u00edctor Ar\u00e1uz,\u00a0 quien fue separado de la Polic\u00eda Nacional por graves y pol\u00e9micas denuncias respaldadas por la Gral. (pasiva) Tanya Varela, se refiri\u00f3 a las acusaciones que ahora pesan sobre ella. \u00abToda su maldad y toda su miseria la vida se la esta devolviendo, eso se llama Karma, a m\u00ed el tiempo me dio la raz\u00f3n y usted debe estar viviendo un merecido infierno, su maldad y complicidad con otros miserables me hicieron vivir un injusto calvario, pero la gran diferencia entre usted y yo es que a m\u00ed se me calumnio para sacarme de la Polic\u00eda Nacional\u00bb.<\/p>\n<p>En un video que se ha hecho viral, Ar\u00e1uz prosigue, \u00abO tal vez, tal vez este equivocado y goce de la seguridad propia de una persona sin escr\u00fapulos y sin principios, porque esta segura de que tiene un padrino o una madrina que la pueden proteger, o que tal vez goza de la seguridad que a\u00fan tiene sus tent\u00e1culos dentro de la Polic\u00eda Nacional\u00bb.<\/p>\n<p>\u00abPero usted no esta sola, recordemos sus audios con Vargas y Ponce pidi\u00e9ndole que me metan preso, tramando ocultar una operaci\u00f3n de narcotr\u00e1fico, sus reuniones con el Se\u00f1or Lasso, incluso con el embajador Fitzpatrick, todos ustedes estaban al tanto de lo que estaba sucediendo\u00bb, contin\u00faa acusando Ar\u00e1uz.<\/p>\n<p>La ex autoridad policial, llam\u00f3 miserable a Lasso, y lo acus\u00f3 de no importarle destruir familias con tal de mantener su falsa honra construida a punta de dinero, \u00abpero que se puede esperar de usted, una persona que desvalij\u00f3 cad\u00e1veres luego del feriado bancario, que levant\u00f3 su imperio sobre tumbas de gente humilde que murieron esperando que los bancos les devolviera el dinero\u00bb, sentenci\u00f3 el ex oficial.<\/p>\n<p>As\u00ed tambi\u00e9n acus\u00f3 al embajador estadounidense, Michael Fitzpatrick de conocer todo lo que suced\u00eda y lo llam\u00f3 alcahuete, \u00abusted supo de la investigaci\u00f3n que le estaban realizando a su amigo de farras pecaminosas, Danilo Carrera, y nunca dijo ni hizo nada, y con su silencio ayud\u00f3 al Sr. Lasso a colocar a generales corruptos para que le sirvan y oculten la m\u00e1s vergonzosa investigaci\u00f3n de narcotr\u00e1fico de la historia del Ecuador, el caso Le\u00f3n de Troya\u00bb<\/p>\n<p>Finalmente, Ar\u00e1uz dijo que \u00abEl tiempo es mi mejor aliado y pronto se le caer\u00e1 la m\u00e1scara y todo el mundo sabr\u00e1 la clase de embajador que esta representando al gobierno americano aqu\u00ed en mi pa\u00eds\u00bb.<\/p>\n<p><a href=\"https:\/\/x.com\/ecuainm_oficial\/status\/1759592916182257920?s=20\">https:\/\/x.com\/ecuainm_oficial\/status\/1759592916182257920?s=20<\/a><\/p>\n<p>&nbsp;<\/p>\n","protected":false},"excerpt":{"rendered":"<p>Guayaquil.- El General en servicio pasivo, V\u00edctor Ar\u00e1uz,\u00a0 quien fue separado de la Polic\u00eda Nacional por graves y pol\u00e9micas denuncias respaldadas por la Gral. (pasiva) Tanya Varela, se refiri\u00f3 a las acusaciones que ahora pesan sobre ella. \u00abToda su maldad y toda su miseria la vida se la esta devolviendo, eso se llama Karma, a [&hellip;]<\/p>\n","protected":false},"author":3,"featured_media":11083,"comment_status":"open","ping_status":"closed","sticky":false,"template":"","format":"standard","meta":{"_jetpack_memberships_contains_paid_content":false,"footnotes":""},"categories":[13],"tags":[],"class_list":["post-11082","post","type-post","status-publish","format-standard","has-post-thumbnail","hentry","category-noticias-nacionales"],"jetpack_featured_media_url":"https:\/\/radiocresatelital.com\/wp-content\/uploads\/2024\/02\/victor-arauz.jpg","jetpack_sharing_enabled":true,"_links":{"self":[{"href":"https:\/\/radiocresatelital.com\/index.php?rest_route=\/wp\/v2\/posts\/11082","targetHints":{"allow":["GET"]}}],"collection":[{"href":"https:\/\/radiocresatelital.com\/index.php?rest_route=\/wp\/v2\/posts"}],"about":[{"href":"https:\/\/radiocresatelital.com\/index.php?rest_route=\/wp\/v2\/types\/post"}],"author":[{"embeddable":true,"href":"https:\/\/radiocresatelital.com\/index.php?rest_route=\/wp\/v2\/users\/3"}],"replies":[{"embeddable":true,"href":"https:\/\/radiocresatelital.com\/index.php?rest_route=%2Fwp%2Fv2%2Fcomments&post=11082"}],"version-history":[{"count":1,"href":"https:\/\/radiocresatelital.com\/index.php?rest_route=\/wp\/v2\/posts\/11082\/revisions"}],"predecessor-version":[{"id":11084,"href":"https:\/\/radiocresatelital.com\/index.php?rest_route=\/wp\/v2\/posts\/11082\/revisions\/11084"}],"wp:featuredmedia":[{"embeddable":true,"href":"https:\/\/radiocresatelital.com\/index.php?rest_route=\/wp\/v2\/media\/11083"}],"wp:attachment":[{"href":"https:\/\/radiocresatelital.com\/index.php?rest_route=%2Fwp%2Fv2%2Fmedia&parent=11082"}],"wp:term":[{"taxonomy":"category","embeddable":true,"href":"https:\/\/radiocresatelital.com\/index.php?rest_route=%2Fwp%2Fv2%2Fcategories&post=11082"},{"taxonomy":"post_tag","embeddable":true,"href":"https:\/\/radiocresatelital.com\/index.php?rest_route=%2Fwp%2Fv2%2Ftags&post=11082"}],"curies":[{"name":"wp","href":"https:\/\/api.w.org\/{rel}","templated":true}]}}