{"id":11078,"date":"2024-02-19T16:04:56","date_gmt":"2024-02-19T16:04:56","guid":{"rendered":"https:\/\/radiocresatelital.com\/?p=11078"},"modified":"2024-02-19T16:04:56","modified_gmt":"2024-02-19T16:04:56","slug":"tanya-varela-rompe-el-silencio-y-niega-vinculacio-con-la-mafia-albanesa","status":"publish","type":"post","link":"https:\/\/radiocresatelital.com\/?p=11078","title":{"rendered":"Tanya Varela rompe el silencio y niega vinculaci\u00f3 con la mafia albanesa"},"content":{"rendered":"<p>Guayaquil.- El caso Met\u00e1stasis ha puesto sobre la mesa el nombre de muchas personas que han sido autoridad en nuestro pa\u00eds, entre ellas, a alguien con el alias de \u00abLa Madrina\u00bb, quien seg\u00fan investigaciones<span class=\"css-1qaijid r-bcqeeo r-qvutc0 r-poiln3\"> del Frente Parlamentario Anticorrupci\u00f3n (FPA), cuando era encabezado por Fernando Villavicencio<\/span><span class=\"css-1qaijid r-bcqeeo r-qvutc0 r-poiln3\">, estaba vinculada con el cabecilla de una estructura criminal albanesa, Dritan Gjika, y se acusaba a la General retirada Tanya Varela, de ser ese personaje. <\/span><\/p>\n<p><span class=\"css-1qaijid r-bcqeeo r-qvutc0 r-poiln3\">Pese a todas las acusaciones, Varela hab\u00eda guardado silencio, el cual rompi\u00f3 hoy mediante un comunicado a la opini\u00f3n p\u00fablica.<\/span><\/p>\n<p>\u00abJam\u00e1s podr\u00e1n vincularme de ninguna manera a ning\u00fan acto irregular en beneficio de organizaciones delincuenciales a las que yo he combatido durante mi vida profesional\u00bb, dec\u00eda parte del mismo. se\u00f1al\u00f3 en un comunicado<\/p>\n<p><span class=\"css-1qaijid r-bcqeeo r-qvutc0 r-poiln3\">\u00abSepa la opini\u00f3n p\u00fablica que, hasta la fecha, no se ha requerido mi comparecencia en el marco de ninguna investigaci\u00f3n. Y si las autoridades me requirieran, estar\u00e9 siempre presta a comparecer. Yo no he tenido necesidad de huir del pa\u00eds, ni esconderme\u00bb, asegura la ex comandante de la Polic\u00eda Nacional<\/span><\/p>\n","protected":false},"excerpt":{"rendered":"<p>Guayaquil.- El caso Met\u00e1stasis ha puesto sobre la mesa el nombre de muchas personas que han sido autoridad en nuestro pa\u00eds, entre ellas, a alguien con el alias de \u00abLa Madrina\u00bb, quien seg\u00fan investigaciones del Frente Parlamentario Anticorrupci\u00f3n (FPA), cuando era encabezado por Fernando Villavicencio, estaba vinculada con el cabecilla de una estructura criminal albanesa, [&hellip;]<\/p>\n","protected":false},"author":3,"featured_media":11080,"comment_status":"open","ping_status":"closed","sticky":false,"template":"","format":"standard","meta":{"_jetpack_memberships_contains_paid_content":false,"footnotes":""},"categories":[13],"tags":[],"class_list":["post-11078","post","type-post","status-publish","format-standard","has-post-thumbnail","hentry","category-noticias-nacionales"],"jetpack_featured_media_url":"https:\/\/radiocresatelital.com\/wp-content\/uploads\/2024\/02\/tanya-varela.jpg","jetpack_sharing_enabled":true,"_links":{"self":[{"href":"https:\/\/radiocresatelital.com\/index.php?rest_route=\/wp\/v2\/posts\/11078","targetHints":{"allow":["GET"]}}],"collection":[{"href":"https:\/\/radiocresatelital.com\/index.php?rest_route=\/wp\/v2\/posts"}],"about":[{"href":"https:\/\/radiocresatelital.com\/index.php?rest_route=\/wp\/v2\/types\/post"}],"author":[{"embeddable":true,"href":"https:\/\/radiocresatelital.com\/index.php?rest_route=\/wp\/v2\/users\/3"}],"replies":[{"embeddable":true,"href":"https:\/\/radiocresatelital.com\/index.php?rest_route=%2Fwp%2Fv2%2Fcomments&post=11078"}],"version-history":[{"count":2,"href":"https:\/\/radiocresatelital.com\/index.php?rest_route=\/wp\/v2\/posts\/11078\/revisions"}],"predecessor-version":[{"id":11081,"href":"https:\/\/radiocresatelital.com\/index.php?rest_route=\/wp\/v2\/posts\/11078\/revisions\/11081"}],"wp:featuredmedia":[{"embeddable":true,"href":"https:\/\/radiocresatelital.com\/index.php?rest_route=\/wp\/v2\/media\/11080"}],"wp:attachment":[{"href":"https:\/\/radiocresatelital.com\/index.php?rest_route=%2Fwp%2Fv2%2Fmedia&parent=11078"}],"wp:term":[{"taxonomy":"category","embeddable":true,"href":"https:\/\/radiocresatelital.com\/index.php?rest_route=%2Fwp%2Fv2%2Fcategories&post=11078"},{"taxonomy":"post_tag","embeddable":true,"href":"https:\/\/radiocresatelital.com\/index.php?rest_route=%2Fwp%2Fv2%2Ftags&post=11078"}],"curies":[{"name":"wp","href":"https:\/\/api.w.org\/{rel}","templated":true}]}}