{"id":11061,"date":"2024-02-17T17:35:36","date_gmt":"2024-02-17T17:35:36","guid":{"rendered":"https:\/\/radiocresatelital.com\/?p=11061"},"modified":"2024-02-17T17:35:36","modified_gmt":"2024-02-17T17:35:36","slug":"gobierno-municipal-de-duran-suma-esfuerzos-con-la-ube-y-el-itb-por-la-educacion-de-la-juventud-duranena","status":"publish","type":"post","link":"https:\/\/radiocresatelital.com\/?p=11061","title":{"rendered":"Gobierno Municipal de Dur\u00e1n suma esfuerzos con la UBE y el ITB por la educaci\u00f3n de la juventud durane\u00f1a"},"content":{"rendered":"<p>Dur\u00e1n.- EL alcalde Luis Chonillo sostuvo un importante encuentro con el Rector de la Universidad de Bolivariana del Ecuador (UBE) y del Instituto Tecnol\u00f3gico de Bolivariano de Tecnolog\u00eda (ITB), Roberto Tolozano, y autoridades acad\u00e9micas.<\/p>\n<p>El prop\u00f3sito fue la firma de un acuerdo tripar&lt;to con estas destacadas ins&lt;tuciones de educaci\u00f3n superior.<\/p>\n<p>Esta alianza representa el primer paso para fortalecer la cooperaci\u00f3n interinstitucional y garantizar un acceso equitativo a la educaci\u00f3n de tercer nivel para los estudiantes de la ciudad de Dur\u00e1n, mediante el<br \/>\ncofinanciamiento de becas, descuentos y beneficios en la oferta acad\u00e9mica de grado, posgrado y programas de especialidades vigentes de la UBE.<\/p>\n<p>\u00abAqu\u00ed van a contar con un alcalde y una administraci\u00f3n comprometida en trabajar para el progreso de nuestros j\u00f3venes, y con este acuerdo, reafirmamos ese compromiso de trabajar mutuamente por la juventud durane\u00f1a\u00bb, afirm\u00f3 el burgomaestre Luis Chonillo, al referirse a esta iniciativa.<\/p>\n<p>Adem\u00e1s, a esta iniciativa se suma el compromiso de impulsar acciones conjuntas en investigaci\u00f3n, desarrollo, innovaci\u00f3n y transferencia tecnol\u00f3gica, adem\u00e1s de contribuir significativamente en la reconstrucci\u00f3n del tejido social a trav\u00e9s de programas y proyectos de vinculaci\u00f3n, asi como tambi\u00e9n el desarrollo tecnol\u00f3gico y productivo de la ciudad.<\/p>\n","protected":false},"excerpt":{"rendered":"<p>Dur\u00e1n.- EL alcalde Luis Chonillo sostuvo un importante encuentro con el Rector de la Universidad de Bolivariana del Ecuador (UBE) y del Instituto Tecnol\u00f3gico de Bolivariano de Tecnolog\u00eda (ITB), Roberto Tolozano, y autoridades acad\u00e9micas. El prop\u00f3sito fue la firma de un acuerdo tripar&lt;to con estas destacadas ins&lt;tuciones de educaci\u00f3n superior. Esta alianza representa el primer [&hellip;]<\/p>\n","protected":false},"author":2,"featured_media":11062,"comment_status":"open","ping_status":"closed","sticky":false,"template":"","format":"standard","meta":{"_jetpack_memberships_contains_paid_content":false,"footnotes":""},"categories":[13],"tags":[1878,259],"class_list":["post-11061","post","type-post","status-publish","format-standard","has-post-thumbnail","hentry","category-noticias-nacionales","tag-alcalde-de-duran","tag-luis-chonillo"],"jetpack_featured_media_url":"https:\/\/radiocresatelital.com\/wp-content\/uploads\/2024\/02\/1a60321d-a4c5-4b77-9bfd-0842cd3e683f.jpg","jetpack_sharing_enabled":true,"_links":{"self":[{"href":"https:\/\/radiocresatelital.com\/index.php?rest_route=\/wp\/v2\/posts\/11061","targetHints":{"allow":["GET"]}}],"collection":[{"href":"https:\/\/radiocresatelital.com\/index.php?rest_route=\/wp\/v2\/posts"}],"about":[{"href":"https:\/\/radiocresatelital.com\/index.php?rest_route=\/wp\/v2\/types\/post"}],"author":[{"embeddable":true,"href":"https:\/\/radiocresatelital.com\/index.php?rest_route=\/wp\/v2\/users\/2"}],"replies":[{"embeddable":true,"href":"https:\/\/radiocresatelital.com\/index.php?rest_route=%2Fwp%2Fv2%2Fcomments&post=11061"}],"version-history":[{"count":1,"href":"https:\/\/radiocresatelital.com\/index.php?rest_route=\/wp\/v2\/posts\/11061\/revisions"}],"predecessor-version":[{"id":11063,"href":"https:\/\/radiocresatelital.com\/index.php?rest_route=\/wp\/v2\/posts\/11061\/revisions\/11063"}],"wp:featuredmedia":[{"embeddable":true,"href":"https:\/\/radiocresatelital.com\/index.php?rest_route=\/wp\/v2\/media\/11062"}],"wp:attachment":[{"href":"https:\/\/radiocresatelital.com\/index.php?rest_route=%2Fwp%2Fv2%2Fmedia&parent=11061"}],"wp:term":[{"taxonomy":"category","embeddable":true,"href":"https:\/\/radiocresatelital.com\/index.php?rest_route=%2Fwp%2Fv2%2Fcategories&post=11061"},{"taxonomy":"post_tag","embeddable":true,"href":"https:\/\/radiocresatelital.com\/index.php?rest_route=%2Fwp%2Fv2%2Ftags&post=11061"}],"curies":[{"name":"wp","href":"https:\/\/api.w.org\/{rel}","templated":true}]}}