{"id":10956,"date":"2024-02-14T20:55:21","date_gmt":"2024-02-14T20:55:21","guid":{"rendered":"https:\/\/radiocresatelital.com\/?p=10956"},"modified":"2024-02-14T22:58:09","modified_gmt":"2024-02-14T22:58:09","slug":"el-futuro-del-empleo-en-ecuador-demandara-especialistas-en-bim-algoritmos-ia-y-ciencia-de-datos","status":"publish","type":"post","link":"https:\/\/radiocresatelital.com\/?p=10956","title":{"rendered":"El futuro del empleo en Ecuador demandar\u00e1 especialistas en BIM, algoritmos, IA y ciencia de datos"},"content":{"rendered":"<p>Quito.-\u00a0Las profesiones relacionadas con la Inteligencia Artificial (IA) y el Aprendizaje Autom\u00e1tico (Machine Learning) experimentar\u00e1n un notable crecimiento en los pr\u00f3ximos cinco a\u00f1os, de acuerdo con el informe sobre el Futuro del Empleo 2023 realizado por el Foro Econ\u00f3mico Mundial (WEF, por sus siglas en ingl\u00e9s). Se estima que este tipo de empleos aumentar\u00e1 en un 30 % para el a\u00f1o 2027, lo que equivaldr\u00eda a la creaci\u00f3n de aproximadamente un mill\u00f3n de nuevos puestos de trabajo.<\/p>\n<p>El impacto de la pandemia en 2020 promovi\u00f3 una transformaci\u00f3n completa del panorama laboral, provocando una reestructuraci\u00f3n en los modelos de negocio y la apertura de nuevas oportunidades. En la actualidad, la din\u00e1mica del entorno laboral est\u00e1 influenciada por el avance tecnol\u00f3gico y la digitalizaci\u00f3n en diversos sectores.<\/p>\n<p>En este contexto, Juan Antonio Escarabajal, director de Desarrollo Universitario en la Universidad Nebrija, destaca la importancia de las carreras relacionadas con la tecnolog\u00eda, resaltando que existe una demanda creciente de profesionales que pueden innovar y aplicar soluciones tecnol\u00f3gicas en un entorno cada vez m\u00e1s digitalizado.<\/p>\n<p>\u201cLa transformaci\u00f3n laboral, impulsada por el avance tecnol\u00f3gico y la digitalizaci\u00f3n de diversos sectores, subraya la necesidad de que las universidades promuevan un aprendizaje integral basado en la experiencia. En la Universidad Nebrija, cultivamos una formaci\u00f3n humanista y transversal, que desarrolla competencias profesionales y habilidades para ampliar el campo de visi\u00f3n y resolver problemas de manera efectiva por parte de los estudiantes. Al mismo tiempo, adoptamos un enfoque pragm\u00e1tico, \u00e9tico y optimista que facilita su integraci\u00f3n en el mundo laboral y lo prepara para destacar como profesional. Buscamos generar el talento desde la universidad\u201d, manifiesta Escarabajal.<\/p>\n<p>Bajo este an\u00e1lisis, el director de Desarrollo Universitario en la Universidad Nebrija comparte las tendencias del mercado laboral para el a\u00f1o 2024:<\/p>\n<p>\u00b7 Se espera un crecimiento significativo en las profesiones relacionadas con la tecnolog\u00eda, abarcando \u00e1reas como algoritmos, Inteligencia Artificial, ciencia de datos y su intersecci\u00f3n con la salud, como biomedicina y bioingenier\u00eda.<\/p>\n<p>\u00b7 Asimismo, se anticipa la generaci\u00f3n de empleos recurrentes en sectores tradicionales como Administraci\u00f3n de Empresas y diversas ingenier\u00edas asociadas a industrias importantes como la construcci\u00f3n, finanzas y turismo.<\/p>\n<p>\u00b7 En el \u00e1mbito de la arquitectura, se necesitar\u00e1n profesionales con competencias en herramientas digitales como el Building Information Modeling (BIM) y en estrategias de sostenibilidad, enfatizando la gesti\u00f3n eficiente de la informaci\u00f3n y la toma de decisiones directivas.<\/p>\n<p>\u00b7 En el campo de las ciencias de la computaci\u00f3n, se espera un crecimiento vertiginoso, con un enfoque en \u00e1reas como inteligencia artificial, ciberseguridad y tecnolog\u00eda blockchain, para satisfacer las demandas del mercado laboral y fomentar la transformaci\u00f3n digital en diversas industrias.<\/p>\n<p>La Universidad Nebrija se adapta a estas tendencias mediante programas acad\u00e9micos que integran habilidades t\u00e9cnicas con competencias transversales como la adaptabilidad, la creatividad y el trabajo en equipo. Adem\u00e1s, promueve la formaci\u00f3n continua y el desarrollo profesional, colaborando estrechamente con empresas e instituciones para garantizar la alineaci\u00f3n de sus programas acad\u00e9micos con las demandas del mercado laboral y proporcionando oportunidades de experiencia, a trav\u00e9s de pr\u00e1cticas y pasant\u00edas.<\/p>\n<p>En cuanto a la empleabilidad, la Universidad Nebrija se destaca con una tasa de empleo que alcanza hasta un 83 % en Grado y un 89 % en M\u00e1ster, llegando al 100 % de empleabilidad a los 12 meses de egreso en varias titulaciones. Esto se debe a la calidad formativa y a la relaci\u00f3n estrecha con las empresas, que se refleja en la continuidad laboral de los graduados tras las pr\u00e1cticas.<\/p>\n","protected":false},"excerpt":{"rendered":"<p>Quito.-\u00a0Las profesiones relacionadas con la Inteligencia Artificial (IA) y el Aprendizaje Autom\u00e1tico (Machine Learning) experimentar\u00e1n un notable crecimiento en los pr\u00f3ximos cinco a\u00f1os, de acuerdo con el informe sobre el Futuro del Empleo 2023 realizado por el Foro Econ\u00f3mico Mundial (WEF, por sus siglas en ingl\u00e9s). Se estima que este tipo de empleos aumentar\u00e1 en [&hellip;]<\/p>\n","protected":false},"author":2,"featured_media":10957,"comment_status":"open","ping_status":"closed","sticky":false,"template":"","format":"standard","meta":{"_jetpack_memberships_contains_paid_content":false,"footnotes":""},"categories":[13],"tags":[1683],"class_list":["post-10956","post","type-post","status-publish","format-standard","has-post-thumbnail","hentry","category-noticias-nacionales","tag-foro-economico-mundial"],"jetpack_featured_media_url":"https:\/\/radiocresatelital.com\/wp-content\/uploads\/2024\/02\/thumbnail_Universidad-Nebrija-3.jpg","jetpack_sharing_enabled":true,"_links":{"self":[{"href":"https:\/\/radiocresatelital.com\/index.php?rest_route=\/wp\/v2\/posts\/10956","targetHints":{"allow":["GET"]}}],"collection":[{"href":"https:\/\/radiocresatelital.com\/index.php?rest_route=\/wp\/v2\/posts"}],"about":[{"href":"https:\/\/radiocresatelital.com\/index.php?rest_route=\/wp\/v2\/types\/post"}],"author":[{"embeddable":true,"href":"https:\/\/radiocresatelital.com\/index.php?rest_route=\/wp\/v2\/users\/2"}],"replies":[{"embeddable":true,"href":"https:\/\/radiocresatelital.com\/index.php?rest_route=%2Fwp%2Fv2%2Fcomments&post=10956"}],"version-history":[{"count":1,"href":"https:\/\/radiocresatelital.com\/index.php?rest_route=\/wp\/v2\/posts\/10956\/revisions"}],"predecessor-version":[{"id":10958,"href":"https:\/\/radiocresatelital.com\/index.php?rest_route=\/wp\/v2\/posts\/10956\/revisions\/10958"}],"wp:featuredmedia":[{"embeddable":true,"href":"https:\/\/radiocresatelital.com\/index.php?rest_route=\/wp\/v2\/media\/10957"}],"wp:attachment":[{"href":"https:\/\/radiocresatelital.com\/index.php?rest_route=%2Fwp%2Fv2%2Fmedia&parent=10956"}],"wp:term":[{"taxonomy":"category","embeddable":true,"href":"https:\/\/radiocresatelital.com\/index.php?rest_route=%2Fwp%2Fv2%2Fcategories&post=10956"},{"taxonomy":"post_tag","embeddable":true,"href":"https:\/\/radiocresatelital.com\/index.php?rest_route=%2Fwp%2Fv2%2Ftags&post=10956"}],"curies":[{"name":"wp","href":"https:\/\/api.w.org\/{rel}","templated":true}]}}