{"id":10933,"date":"2024-02-14T21:49:40","date_gmt":"2024-02-14T21:49:40","guid":{"rendered":"https:\/\/radiocresatelital.com\/?p=10933"},"modified":"2024-02-14T21:49:40","modified_gmt":"2024-02-14T21:49:40","slug":"fortalecer-la-educacion-superior-en-una-prioridad-en-el-nuevo-ecuador-presidente-anuncia-entrega-de-becas","status":"publish","type":"post","link":"https:\/\/radiocresatelital.com\/?p=10933","title":{"rendered":"Fortalecer la educaci\u00f3n superior en una prioridad en el nuevo Ecuador: Presidente anuncia entrega de Becas"},"content":{"rendered":"<p>Machala.- El Presidente de la Rep\u00fablica, Daniel Noboa Azin, anunci\u00f3 la apertura de un programa de 2.500 becas para estudios de tercer nivel t\u00e9cnico y tecnol\u00f3gico. El proyecto se materializa mediante la inversi\u00f3n de USD 5 millones provenientes del Reino de Arabia Saudita, en el marco de las s\u00f3lidas relaciones diplom\u00e1ticas internacionales que promueve el Gobierno Nacional. \u201cNo es s\u00f3lo una beca para una carrera en espec\u00edfico, si no es la capacitaci\u00f3n, el empleo y la ocupaci\u00f3n de la juventud ecuatoriana\u201d, se\u00f1al\u00f3 el Presidente.<\/p>\n<p>El anuncio lo hizo en un conversatorio que mantuvo con los estudiantes de la Universidad T\u00e9cnica de Machala, en la provincia de El Oro. A decir del Mandatario, la poblaci\u00f3n joven es una de las m\u00e1s afectadas por la violencia y el enquistamiento del crimen organizado en el Estado. \u201cSi no logramos fortalecer la educaci\u00f3n p\u00fablica, si no logramos fortalecer la parte social, no vamos a resolver los problemas de ra\u00edz que hoy en d\u00eda vivimos y que se terminan transformando en inseguridad\u201d, dijo.<\/p>\n<p>En ese sentido reafirm\u00f3 su postura de que las guerras no solo se solucionan con equipos ni armamento. Precisamente, una de las estrategias direccionadas a fortalecer la educaci\u00f3n superior en el Nuevo Ecuador es mantener acercamientos con naciones aliadas, que permitan gestionar becas, donaciones y financiamiento para los j\u00f3venes del pa\u00eds. \u201cEstamos viendo una<br \/>\napertura de la comunidad internacional en mejorar la vida del Ecuador y de la juventud de los ecuatorianos\u201d.<\/p>\n<p>Por ejemplo, explic\u00f3 que, adem\u00e1s de las becas presentadas hoy con Arabia Saudita, se prev\u00e9 la suscripci\u00f3n de un acuerdo de financiamiento de USD 120 millones con Canad\u00e1; asimismo alianzas con escuelas t\u00e9cnicas y sistemas duales de Alemania, Finlandia, Suecia, Noruega; y a esto se suman di\u00e1logos abiertos con Estados Unidos, Israel, Reino Unido, entre otros.<\/p>\n<p>\u00abTrabajaremos d\u00eda a d\u00eda para que cada uno de los j\u00f3venes puedan capacitarse y estudiar e incrementar la posibilidad de que consigan un empleo y una vida digna\u00bb. El Jefe de Estado detall\u00f3 que la meta de su gobierno es otorgar 200.000 becas a nivel nacional.<\/p>\n<p>Durante el conversatorio, estudiantes dialogaron con las autoridades sobre sus principales preocupaciones en cuanto a la formaci\u00f3n superior. Emily Espinoza, alumna de la Universidad T\u00e9cnica de Machala, aprovech\u00f3 su intervenci\u00f3n para agradecer al Mandatario por generar estos espacios que \u201cnos hace sentir a los j\u00f3venes parte de la formaci\u00f3n de un Nuevo Ecuador. (\u2026). Nos preocupa el futuro de nuestro pa\u00eds, pero sabemos y confiamos en que usted est\u00e1 realizando un gran trabajo\u201d.<\/p>\n<p>Por su parte, Ana Changu\u00edn, secretar\u00eda de Educaci\u00f3n Superior, Ciencia, Tecnolog\u00eda e Innovaci\u00f3n (Senescyt), indic\u00f3 que el proceso de becas priorizar\u00e1 oportunidades para mujeres y grupos de atenci\u00f3n prioritaria. Esto, con el fin de garantizar que esas oportunidades lleguen a las personas que m\u00e1s lo necesitan en las 24 provincias.<\/p>\n<p>Tambi\u00e9n, en ese espacio, hizo un llamado a la comunidad acad\u00e9mica privada para impulsar el cofinanciamiento de becas. \u201cEstamos buscando que m\u00e1s j\u00f3venes puedan hacer realidad sus sue\u00f1os, que tengan una formaci\u00f3n acad\u00e9mica profesional, y que eso les permita ser parte activa del Nuevo Ecuador\u201d, asever\u00f3.<\/p>\n<p>A esta iniciativa se suman otras como la generaci\u00f3n de empleo juvenil, mediante la Ley de Eficiencia Econ\u00f3mica y Generaci\u00f3n de Empleo, que incluye reducciones tributarias a las empresas que contraten j\u00f3venes egresados de universidades p\u00fablicas. \u201cTenemos que luchar (\u2026). Pero asimismo tenemos que darles opciones a la juventud para que no vuelvan a caer en las garras de grupos narcoterroristas y en la delincuencia\u201d, concluy\u00f3.<\/p>\n","protected":false},"excerpt":{"rendered":"<p>Machala.- El Presidente de la Rep\u00fablica, Daniel Noboa Azin, anunci\u00f3 la apertura de un programa de 2.500 becas para estudios de tercer nivel t\u00e9cnico y tecnol\u00f3gico. El proyecto se materializa mediante la inversi\u00f3n de USD 5 millones provenientes del Reino de Arabia Saudita, en el marco de las s\u00f3lidas relaciones diplom\u00e1ticas internacionales que promueve el [&hellip;]<\/p>\n","protected":false},"author":2,"featured_media":10934,"comment_status":"open","ping_status":"closed","sticky":false,"template":"","format":"standard","meta":{"_jetpack_memberships_contains_paid_content":false,"footnotes":""},"categories":[13],"tags":[1322],"class_list":["post-10933","post","type-post","status-publish","format-standard","has-post-thumbnail","hentry","category-noticias-nacionales","tag-presidente-daniel-noboa"],"jetpack_featured_media_url":"https:\/\/radiocresatelital.com\/wp-content\/uploads\/2024\/02\/53528530782_2b17ce9529_c.jpg","jetpack_sharing_enabled":true,"_links":{"self":[{"href":"https:\/\/radiocresatelital.com\/index.php?rest_route=\/wp\/v2\/posts\/10933","targetHints":{"allow":["GET"]}}],"collection":[{"href":"https:\/\/radiocresatelital.com\/index.php?rest_route=\/wp\/v2\/posts"}],"about":[{"href":"https:\/\/radiocresatelital.com\/index.php?rest_route=\/wp\/v2\/types\/post"}],"author":[{"embeddable":true,"href":"https:\/\/radiocresatelital.com\/index.php?rest_route=\/wp\/v2\/users\/2"}],"replies":[{"embeddable":true,"href":"https:\/\/radiocresatelital.com\/index.php?rest_route=%2Fwp%2Fv2%2Fcomments&post=10933"}],"version-history":[{"count":1,"href":"https:\/\/radiocresatelital.com\/index.php?rest_route=\/wp\/v2\/posts\/10933\/revisions"}],"predecessor-version":[{"id":10935,"href":"https:\/\/radiocresatelital.com\/index.php?rest_route=\/wp\/v2\/posts\/10933\/revisions\/10935"}],"wp:featuredmedia":[{"embeddable":true,"href":"https:\/\/radiocresatelital.com\/index.php?rest_route=\/wp\/v2\/media\/10934"}],"wp:attachment":[{"href":"https:\/\/radiocresatelital.com\/index.php?rest_route=%2Fwp%2Fv2%2Fmedia&parent=10933"}],"wp:term":[{"taxonomy":"category","embeddable":true,"href":"https:\/\/radiocresatelital.com\/index.php?rest_route=%2Fwp%2Fv2%2Fcategories&post=10933"},{"taxonomy":"post_tag","embeddable":true,"href":"https:\/\/radiocresatelital.com\/index.php?rest_route=%2Fwp%2Fv2%2Ftags&post=10933"}],"curies":[{"name":"wp","href":"https:\/\/api.w.org\/{rel}","templated":true}]}}