{"id":10927,"date":"2024-02-14T21:36:36","date_gmt":"2024-02-14T21:36:36","guid":{"rendered":"https:\/\/radiocresatelital.com\/?p=10927"},"modified":"2024-02-14T21:36:36","modified_gmt":"2024-02-14T21:36:36","slug":"movimiento-por-las-buenas-empresas-se-activa-en-ecuador","status":"publish","type":"post","link":"https:\/\/radiocresatelital.com\/?p=10927","title":{"rendered":"Movimiento \u201cPor las Buenas Empresas\u201d se activa en Ecuador"},"content":{"rendered":"<p>Quito<strong>.-<\/strong> Activar a las empresas a trav\u00e9s de un movimiento alineado al triple impacto \u2014econ\u00f3mico, social y ambiental\u2014 es el prop\u00f3sito de la Alianza por el Triple Impacto (A3i). Esta iniciativa de la C\u00e1mara de Comercio Ecuatoriano Americana (AmCham) se present\u00f3 el 7 de febrero de 2024 durante el <strong>primer encuentro \u201cAlianza por las Buenas Empresas &#8211; de las intenciones a las acciones de impacto\u201d, <\/strong>evento apoyado por el Banco Interamericano de Desarrollo (BID), y la Embajada y Consulado de los Estados Unidos en Ecuador.<\/p>\n<p>Felipe Espinosa, presidente ejecutivo de AmCham, abri\u00f3 esta jornada de trabajo recapitulando el origen de A3i, un grupo que se activ\u00f3 a partir del 2019 para promover un nuevo modelo de comportamiento empresarial, ante los desaf\u00edos locales y globales que hemos enfrentado. <em>\u201cEs el momento de destacar el valor y bienestar que las empresas aportan al pa\u00eds, a todas las personas y al planeta. Podemos lograr un cambio significativo actuando de manera coordinada, con confianza, medici\u00f3n de impacto y un prop\u00f3sito claro y compartido\u201d<\/em>, ratific\u00f3 el directivo.<\/p>\n<p>Por su parte, Roc\u00edo Velarde, presidenta del Directorio de AmCham, reiter\u00f3 la intenci\u00f3n de esta iniciativa. <em>\u201cQueremos mostrar a nuestros colaboradores, comunidades, consumidores y familias que el comercio de impacto construye un futuro lleno de esperanza. Con el lema \u00abPor las Buenas Empresas para un Ecuador mejor\u00bb, reconocemos que ser buenas personas trabajando juntas hacia un mismo prop\u00f3sito es esencial\u201d.<\/em><\/p>\n<p>Unos cien participantes, entre ellos, representantes de las entidades aliadas a la iniciativa y miembros de la c\u00e1mara, se sumaron a este espacio de di\u00e1logo, reflexiones y llamados a la acci\u00f3n sobre el prop\u00f3sito transformador de las empresas. Este primer encuentro ocurri\u00f3 en la Universidad San Francisco de Quito (USFQ), entidad que no solo brind\u00f3 sus instalaciones, sino que ha sido un aliado clave desde la academia, para desarrollar el primer programa totalmente virtual para la medici\u00f3n de impacto de las empresas, aplicando la metodolog\u00eda de Sistema B, herramienta clave que inicia con su primera cohorte para apoyar a las empresas socias y sus cadenas de valor en su camino hacia el triple impacto.<\/p>\n<p><strong>El encuentro destac\u00f3 la sinergia entre Ecuador y Estados Unidos en el intercambio de experiencias y mejores pr\u00e1cticas empresariales.<\/strong> Desde Nueva York, por medio virtual, la ponencia principal de Joshua Schulnick, gerente de sostenibilidad de Jet Blue, mostr\u00f3 que industrias como la aviaci\u00f3n est\u00e1n enfocando sus acciones en los ejes de sostenibilidad. Esta intervenci\u00f3n clave fue gracias al apoyo de la Embajada de EE.UU.<\/p>\n<p>El primer conversatorio, conducido por Saskia Izurieta, de Di\u00e1logos Vitales, profundiz\u00f3 en la visi\u00f3n panor\u00e1mica del sector empresarial frente a los retos y oportunidades para implementar acciones concretas desde las empresas, con un contraste de visiones desde la regi\u00f3n, el pa\u00eds y el entorno situacional del Ecuador, a trav\u00e9s de los panelistas, Juan Carlos de la Hoz, representante del Banco Interamericano de Desarrollo \u2013 BID, Julia Helena Carrillo, presidenta de IPSOS, y Sebasti\u00e1n Hurtado, presidente de Profitas. Los tres aportaron desde su experiencia reflexiones de \u00e1nimo optimista para Ecuador sobre el giro del sector empresarial como actor potente en la generaci\u00f3n de soluciones de impacto. La necesidad de incentivar la comunicaci\u00f3n, ampliar las formas de relacionamiento con los grupos de inter\u00e9s, y los beneficios para los negocios de construir colectivamente una sociedad m\u00e1s incluyente fueron parte de este intercambio.<\/p>\n<p>El segundo conversatorio se enfoc\u00f3 en las experiencias de empresas de sectores en su camino hacia el triple impacto. El di\u00e1logo moderado por Jos\u00e9 Ignacio Morej\u00f3n, a la cabeza de A3i y director de Sistema B Ecuador, ofreci\u00f3 el testimonio de Pierangela Sierra de Tipti, Mar\u00eda Paulina Romo de Grupo Entregas, Fabi\u00e1n Garz\u00f3n de Produbanco, y Juan Pablo Grijalva de El Orde\u00f1o. El espacio revel\u00f3 los desaf\u00edos que cada una de estas empresas enfrent\u00f3 al aplicar su primera medici\u00f3n de impacto, y como estos indicadores han orientado su hoja de ruta de continua transformaci\u00f3n. Adem\u00e1s de inspirar a que otras empresas se sumen al nuevo programa de medici\u00f3n, el primer encuentro cerr\u00f3 con una invitaci\u00f3n a que la comunidad A3i se active, como parte de la evoluci\u00f3n de este sector potente para aportar soluciones.<\/p>\n","protected":false},"excerpt":{"rendered":"<p>Quito.- Activar a las empresas a trav\u00e9s de un movimiento alineado al triple impacto \u2014econ\u00f3mico, social y ambiental\u2014 es el prop\u00f3sito de la Alianza por el Triple Impacto (A3i). Esta iniciativa de la C\u00e1mara de Comercio Ecuatoriano Americana (AmCham) se present\u00f3 el 7 de febrero de 2024 durante el primer encuentro \u201cAlianza por las Buenas [&hellip;]<\/p>\n","protected":false},"author":2,"featured_media":10928,"comment_status":"open","ping_status":"closed","sticky":false,"template":"","format":"standard","meta":{"_jetpack_memberships_contains_paid_content":false,"footnotes":""},"categories":[13],"tags":[1857,1858],"class_list":["post-10927","post","type-post","status-publish","format-standard","has-post-thumbnail","hentry","category-noticias-nacionales","tag-camara-de-comercio","tag-ecuatoriano-americana"],"jetpack_featured_media_url":"https:\/\/radiocresatelital.com\/wp-content\/uploads\/2024\/02\/64b3a396-93c3-423f-abeb-248d963c885b.jpeg","jetpack_sharing_enabled":true,"_links":{"self":[{"href":"https:\/\/radiocresatelital.com\/index.php?rest_route=\/wp\/v2\/posts\/10927","targetHints":{"allow":["GET"]}}],"collection":[{"href":"https:\/\/radiocresatelital.com\/index.php?rest_route=\/wp\/v2\/posts"}],"about":[{"href":"https:\/\/radiocresatelital.com\/index.php?rest_route=\/wp\/v2\/types\/post"}],"author":[{"embeddable":true,"href":"https:\/\/radiocresatelital.com\/index.php?rest_route=\/wp\/v2\/users\/2"}],"replies":[{"embeddable":true,"href":"https:\/\/radiocresatelital.com\/index.php?rest_route=%2Fwp%2Fv2%2Fcomments&post=10927"}],"version-history":[{"count":1,"href":"https:\/\/radiocresatelital.com\/index.php?rest_route=\/wp\/v2\/posts\/10927\/revisions"}],"predecessor-version":[{"id":10929,"href":"https:\/\/radiocresatelital.com\/index.php?rest_route=\/wp\/v2\/posts\/10927\/revisions\/10929"}],"wp:featuredmedia":[{"embeddable":true,"href":"https:\/\/radiocresatelital.com\/index.php?rest_route=\/wp\/v2\/media\/10928"}],"wp:attachment":[{"href":"https:\/\/radiocresatelital.com\/index.php?rest_route=%2Fwp%2Fv2%2Fmedia&parent=10927"}],"wp:term":[{"taxonomy":"category","embeddable":true,"href":"https:\/\/radiocresatelital.com\/index.php?rest_route=%2Fwp%2Fv2%2Fcategories&post=10927"},{"taxonomy":"post_tag","embeddable":true,"href":"https:\/\/radiocresatelital.com\/index.php?rest_route=%2Fwp%2Fv2%2Ftags&post=10927"}],"curies":[{"name":"wp","href":"https:\/\/api.w.org\/{rel}","templated":true}]}}