{"id":10924,"date":"2024-02-14T21:31:00","date_gmt":"2024-02-14T21:31:00","guid":{"rendered":"https:\/\/radiocresatelital.com\/?p=10924"},"modified":"2024-02-14T21:31:00","modified_gmt":"2024-02-14T21:31:00","slug":"direccion-de-justicia-y-vigilancia-retira-siete-rejas-cuyos-duenos-cobraban-a-los-moradores-por-ingresar-a-sus-casas","status":"publish","type":"post","link":"https:\/\/radiocresatelital.com\/?p=10924","title":{"rendered":"Direcci\u00f3n de Justicia y Vigilancia retira siete rejas cuyos due\u00f1os cobraban a los moradores por ingresar a sus casas"},"content":{"rendered":"<p>Guayaquil.- La Direcci\u00f3n de Justicia y Vigilancia, en colaboraci\u00f3n con Segura EP, Polic\u00eda Nacional y personal operativo de Obras P\u00fablicas, realiz\u00f3 operativos de recuperaci\u00f3n de espacios p\u00fablicos en diversos sectores del sur de Guayaquil que estaban obstruidos por la colocaci\u00f3n ilegal de rejas.<\/p>\n<p>El operativo se llev\u00f3 a cabo en el Guasmo Sur, cooperativa Uni\u00f3n de Bananeros, cooperativa Pablo Neruda y Uni\u00f3n C\u00edvica. En estos lugares se retiraron siete rejas que ocupaban la v\u00eda p\u00fablica, no ten\u00edan los permisos correspondientes, ni hab\u00edan iniciado los tr\u00e1mites para obtenerlos.<\/p>\n<p>La acci\u00f3n de control se realiz\u00f3 en respuesta a denuncias ciudadanas y ante un requerimiento de la Polic\u00eda Nacional, que estableci\u00f3 que los sectores intervenidos son considerados puntos cr\u00edticos para la delincuencia. M\u00e1s de 50 efectivos participaron en el operativo.<\/p>\n<p>Los moradores comentaron tras c\u00e1maras que nadie pod\u00eda pasar por las peatonales e incluso se cobraba dinero a quienes transitaban por ese lugar.<\/p>\n<p>Lorena, vecina del sector y que no quiso indicar su apellido por seguridad, celebr\u00f3 la realizaci\u00f3n de los operativos. \u201cEsto me parece excelente porque las personas andan en zozobra aqu\u00ed\u201d.<\/p>\n<p>Las rejas fueron llevadas a las bodegas de Segura, ubicadas en el sur de la ciudad. All\u00ed los due\u00f1os podr\u00e1n recuperarlas una vez que finalicen el tr\u00e1mite de devoluci\u00f3n.<\/p>\n<p>En el sitio web https:\/\/www.guayaquil.gob.ec\/ est\u00e1 publicada la Ordenanza que regula la instalaci\u00f3n de elementos de seguridad, que contiene los requisitos para colocar estas rejas. Actualmente rige un plazo de seis meses para regularizar las vallas colocadas antes de la entrada en vigencia de la ordenanza.<\/p>\n","protected":false},"excerpt":{"rendered":"<p>Guayaquil.- La Direcci\u00f3n de Justicia y Vigilancia, en colaboraci\u00f3n con Segura EP, Polic\u00eda Nacional y personal operativo de Obras P\u00fablicas, realiz\u00f3 operativos de recuperaci\u00f3n de espacios p\u00fablicos en diversos sectores del sur de Guayaquil que estaban obstruidos por la colocaci\u00f3n ilegal de rejas. El operativo se llev\u00f3 a cabo en el Guasmo Sur, cooperativa Uni\u00f3n [&hellip;]<\/p>\n","protected":false},"author":2,"featured_media":10925,"comment_status":"open","ping_status":"closed","sticky":false,"template":"","format":"standard","meta":{"_jetpack_memberships_contains_paid_content":false,"footnotes":""},"categories":[33,13],"tags":[362,785],"class_list":["post-10924","post","type-post","status-publish","format-standard","has-post-thumbnail","hentry","category-guayaquil","category-noticias-nacionales","tag-policia-nacional","tag-segura-ep"],"jetpack_featured_media_url":"https:\/\/radiocresatelital.com\/wp-content\/uploads\/2024\/02\/DSC_0920-scaled.jpg","jetpack_sharing_enabled":true,"_links":{"self":[{"href":"https:\/\/radiocresatelital.com\/index.php?rest_route=\/wp\/v2\/posts\/10924","targetHints":{"allow":["GET"]}}],"collection":[{"href":"https:\/\/radiocresatelital.com\/index.php?rest_route=\/wp\/v2\/posts"}],"about":[{"href":"https:\/\/radiocresatelital.com\/index.php?rest_route=\/wp\/v2\/types\/post"}],"author":[{"embeddable":true,"href":"https:\/\/radiocresatelital.com\/index.php?rest_route=\/wp\/v2\/users\/2"}],"replies":[{"embeddable":true,"href":"https:\/\/radiocresatelital.com\/index.php?rest_route=%2Fwp%2Fv2%2Fcomments&post=10924"}],"version-history":[{"count":1,"href":"https:\/\/radiocresatelital.com\/index.php?rest_route=\/wp\/v2\/posts\/10924\/revisions"}],"predecessor-version":[{"id":10926,"href":"https:\/\/radiocresatelital.com\/index.php?rest_route=\/wp\/v2\/posts\/10924\/revisions\/10926"}],"wp:featuredmedia":[{"embeddable":true,"href":"https:\/\/radiocresatelital.com\/index.php?rest_route=\/wp\/v2\/media\/10925"}],"wp:attachment":[{"href":"https:\/\/radiocresatelital.com\/index.php?rest_route=%2Fwp%2Fv2%2Fmedia&parent=10924"}],"wp:term":[{"taxonomy":"category","embeddable":true,"href":"https:\/\/radiocresatelital.com\/index.php?rest_route=%2Fwp%2Fv2%2Fcategories&post=10924"},{"taxonomy":"post_tag","embeddable":true,"href":"https:\/\/radiocresatelital.com\/index.php?rest_route=%2Fwp%2Fv2%2Ftags&post=10924"}],"curies":[{"name":"wp","href":"https:\/\/api.w.org\/{rel}","templated":true}]}}