{"id":10915,"date":"2024-02-14T16:34:20","date_gmt":"2024-02-14T16:34:20","guid":{"rendered":"https:\/\/radiocresatelital.com\/?p=10915"},"modified":"2024-02-14T16:34:20","modified_gmt":"2024-02-14T16:34:20","slug":"asamblea-debatira-aumento-de-penas-para-sicariato-y-terrorismo-proponen-de-3-a-4-anos-mas-de-carcel","status":"publish","type":"post","link":"https:\/\/radiocresatelital.com\/?p=10915","title":{"rendered":"Asamblea debatir\u00e1 aumento de penas, para sicariato y terrorismo proponen de 3 a 4 a\u00f1os m\u00e1s de c\u00e1rcel"},"content":{"rendered":"<p>Quito.- La Asamblea Nacional debatir\u00e1 ma\u00f1ana, 15 de Febrero, una serie de reformas del C\u00f3digo Org\u00e1nico Integral Penal, con la finalidad de imponer sanciones y penas acorde a los delitos que actualmente ocurren en el pa\u00eds, sobre todo tomando en cuenta que actualmente se ha reclasificado algunos actos delictivos con la categor\u00eda de terrorismo.<\/p>\n<p>En total, son un conjunto de 86 reformas al COIP, las que se analizar\u00e1n para incluirlas en este cuerpo legal. Y aunque hubo propuestas dr\u00e1sticas como la propuesta por el ex presidente y actual asamble\u00edsta Lucio Gutierrez, que contemplaba cadena perpetua, al parecer los cambios no ir\u00e1n por ah\u00ed, sino por un aumento de penas menos severo que eso.<\/p>\n<p>Por ejemplo, en el caso de los sicariatos, la pena se elevar\u00e1 4 a\u00f1os m\u00e1s, es decir, que pasar\u00e1 de una sanci\u00f3n m\u00e1xima de 26 a 30 a\u00f1os; otro punto que no se contempl\u00f3 es la acumulaci\u00f3n de penas, por lo tanto un sicario podr\u00e1 asesinar lo mismo a una que a 100 personas, su pena m\u00e1xima siempre ser\u00e1 la misma, 30 a\u00f1os.<\/p>\n<p>Al delito de terrorismo se le aument\u00f3 5 a\u00f1os m\u00e1s, as\u00ed que pasa de 13 a 18 a\u00f1os de c\u00e1rcel y en lo referente a delincuencia organizada se aumentaron 3 a\u00f1os de prisi\u00f3n, o sea, de 10 a 13 a\u00f1os como tiempo m\u00e1ximo en prisi\u00f3n por ese delito.<\/p>\n","protected":false},"excerpt":{"rendered":"<p>Quito.- La Asamblea Nacional debatir\u00e1 ma\u00f1ana, 15 de Febrero, una serie de reformas del C\u00f3digo Org\u00e1nico Integral Penal, con la finalidad de imponer sanciones y penas acorde a los delitos que actualmente ocurren en el pa\u00eds, sobre todo tomando en cuenta que actualmente se ha reclasificado algunos actos delictivos con la categor\u00eda de terrorismo. En [&hellip;]<\/p>\n","protected":false},"author":3,"featured_media":10156,"comment_status":"open","ping_status":"closed","sticky":false,"template":"","format":"standard","meta":{"_jetpack_memberships_contains_paid_content":false,"footnotes":""},"categories":[13],"tags":[],"class_list":["post-10915","post","type-post","status-publish","format-standard","has-post-thumbnail","hentry","category-noticias-nacionales"],"jetpack_featured_media_url":"https:\/\/radiocresatelital.com\/wp-content\/uploads\/2024\/01\/pleno-asamblea1160.jpg","jetpack_sharing_enabled":true,"_links":{"self":[{"href":"https:\/\/radiocresatelital.com\/index.php?rest_route=\/wp\/v2\/posts\/10915","targetHints":{"allow":["GET"]}}],"collection":[{"href":"https:\/\/radiocresatelital.com\/index.php?rest_route=\/wp\/v2\/posts"}],"about":[{"href":"https:\/\/radiocresatelital.com\/index.php?rest_route=\/wp\/v2\/types\/post"}],"author":[{"embeddable":true,"href":"https:\/\/radiocresatelital.com\/index.php?rest_route=\/wp\/v2\/users\/3"}],"replies":[{"embeddable":true,"href":"https:\/\/radiocresatelital.com\/index.php?rest_route=%2Fwp%2Fv2%2Fcomments&post=10915"}],"version-history":[{"count":1,"href":"https:\/\/radiocresatelital.com\/index.php?rest_route=\/wp\/v2\/posts\/10915\/revisions"}],"predecessor-version":[{"id":10916,"href":"https:\/\/radiocresatelital.com\/index.php?rest_route=\/wp\/v2\/posts\/10915\/revisions\/10916"}],"wp:featuredmedia":[{"embeddable":true,"href":"https:\/\/radiocresatelital.com\/index.php?rest_route=\/wp\/v2\/media\/10156"}],"wp:attachment":[{"href":"https:\/\/radiocresatelital.com\/index.php?rest_route=%2Fwp%2Fv2%2Fmedia&parent=10915"}],"wp:term":[{"taxonomy":"category","embeddable":true,"href":"https:\/\/radiocresatelital.com\/index.php?rest_route=%2Fwp%2Fv2%2Fcategories&post=10915"},{"taxonomy":"post_tag","embeddable":true,"href":"https:\/\/radiocresatelital.com\/index.php?rest_route=%2Fwp%2Fv2%2Ftags&post=10915"}],"curies":[{"name":"wp","href":"https:\/\/api.w.org\/{rel}","templated":true}]}}