{"id":10907,"date":"2024-02-09T23:21:34","date_gmt":"2024-02-09T23:21:34","guid":{"rendered":"https:\/\/radiocresatelital.com\/?p=10907"},"modified":"2024-02-09T23:21:48","modified_gmt":"2024-02-09T23:21:48","slug":"guayas-hacia-el-mar-es-el-primer-corredor-turistico-para-el-feriado-de-carnaval","status":"publish","type":"post","link":"https:\/\/radiocresatelital.com\/?p=10907","title":{"rendered":"Guayas hacia el mar es el primer corredor tur\u00edstico para el feriado de  Carnaval"},"content":{"rendered":"<p>Guayaquil.- Una nueva opci\u00f3n se presenta en esta provincia para el feriado de Carnaval, desde este s\u00e1bado 10 hasta el martes 13 de febrero. La experiencia Guayas hacia el mar es el primer corredor tur\u00edstico que integra toda la oferta, atractivos y emprendimientos en una sola propuesta geogr\u00e1fica, desde Guayaquil rural hasta el cant\u00f3n Playas.<\/p>\n<p>La presentaci\u00f3n oficial de esta innovadora propuesta se realiz\u00f3 el lunes 8 de febrero. \u201cEstamos comprometidos en fortalecer la econom\u00eda de la provincia del Guayas, promover la oferta tur\u00edstica y fomentar la colaboraci\u00f3n entre los actores de los establecimientos en toda la regi\u00f3n\u201d, se\u00f1al\u00f3 \u00c1ngelo Calder\u00f3n, director de Turismo de la Prefectura Ciudadana del Guayas.<\/p>\n<p>La propuesta parte de un riguroso inventario tur\u00edstico e identifica la alta demanda de la zona durante fines de semana y feriados. \u201cTenemos registros de que en un feriado circulan 35.000 veh\u00edculos en v\u00eda a la Costa y casi 20.000 al d\u00eda\u201d, puntualiz\u00f3 el funcionario.<\/p>\n<p>El corredor abarca 167 kil\u00f3metros, con una duraci\u00f3n aproximada de una hora y media. A lo largo de la v\u00eda, los visitantes pueden disfrutar de 22 atractivos tur\u00edsticos, 30 establecimientos, nueve gasolineras y dos peajes. Entre los atractivos recomendados est\u00e1n el Bosque Cerro Blanco, Ecuagenera, Villa Soleil, NovaVita Health, Iglesia Divina Misericordia, Hacienda Pir\u00e1mide, Chicharr\u00f3n, Vi\u00f1edo Dos Hemisferios, NA PRAIA, panader\u00eda San Francisco, El Rey del Muyuyo, La Comida de Fortunato, Playa General Villamil, entre otros.<\/p>\n<p>Fortunato Maruri, de La Comida de Fortunato, es un servidor gastron\u00f3mico de Playas que siente que esta iniciativa conjunta es una oportunidad para brindarle seguridad al turista.<\/p>\n<p>\u201cEste trabajo nos permitir\u00e1 ofrecer a los visitantes m\u00e1s opciones y estimular nuestras econom\u00edas, que se han golpeado por la falta de turismo derivada por la inseguridad\u201d, refiere.<\/p>\n<p>El corredor brinda la posibilidad de experimentar las nueve tem\u00e1ticas con las que cuenta Destino Guayas, incluyendo turismo de sol y playa, de naturaleza, de aventura, sabor, vivencial, arte y cultura, n\u00e1utico, salud y bienestar, al igual que turismo de eventos y reuniones.<\/p>\n","protected":false},"excerpt":{"rendered":"<p>Guayaquil.- Una nueva opci\u00f3n se presenta en esta provincia para el feriado de Carnaval, desde este s\u00e1bado 10 hasta el martes 13 de febrero. La experiencia Guayas hacia el mar es el primer corredor tur\u00edstico que integra toda la oferta, atractivos y emprendimientos en una sola propuesta geogr\u00e1fica, desde Guayaquil rural hasta el cant\u00f3n Playas. [&hellip;]<\/p>\n","protected":false},"author":2,"featured_media":10908,"comment_status":"open","ping_status":"closed","sticky":false,"template":"","format":"standard","meta":{"_jetpack_memberships_contains_paid_content":false,"footnotes":""},"categories":[13],"tags":[248,415],"class_list":["post-10907","post","type-post","status-publish","format-standard","has-post-thumbnail","hentry","category-noticias-nacionales","tag-marcela-aguinaga","tag-prefectura-ciudadana-del-guayas"],"jetpack_featured_media_url":"https:\/\/radiocresatelital.com\/wp-content\/uploads\/2024\/02\/JMV_2364-scaled.jpg","jetpack_sharing_enabled":true,"_links":{"self":[{"href":"https:\/\/radiocresatelital.com\/index.php?rest_route=\/wp\/v2\/posts\/10907","targetHints":{"allow":["GET"]}}],"collection":[{"href":"https:\/\/radiocresatelital.com\/index.php?rest_route=\/wp\/v2\/posts"}],"about":[{"href":"https:\/\/radiocresatelital.com\/index.php?rest_route=\/wp\/v2\/types\/post"}],"author":[{"embeddable":true,"href":"https:\/\/radiocresatelital.com\/index.php?rest_route=\/wp\/v2\/users\/2"}],"replies":[{"embeddable":true,"href":"https:\/\/radiocresatelital.com\/index.php?rest_route=%2Fwp%2Fv2%2Fcomments&post=10907"}],"version-history":[{"count":1,"href":"https:\/\/radiocresatelital.com\/index.php?rest_route=\/wp\/v2\/posts\/10907\/revisions"}],"predecessor-version":[{"id":10909,"href":"https:\/\/radiocresatelital.com\/index.php?rest_route=\/wp\/v2\/posts\/10907\/revisions\/10909"}],"wp:featuredmedia":[{"embeddable":true,"href":"https:\/\/radiocresatelital.com\/index.php?rest_route=\/wp\/v2\/media\/10908"}],"wp:attachment":[{"href":"https:\/\/radiocresatelital.com\/index.php?rest_route=%2Fwp%2Fv2%2Fmedia&parent=10907"}],"wp:term":[{"taxonomy":"category","embeddable":true,"href":"https:\/\/radiocresatelital.com\/index.php?rest_route=%2Fwp%2Fv2%2Fcategories&post=10907"},{"taxonomy":"post_tag","embeddable":true,"href":"https:\/\/radiocresatelital.com\/index.php?rest_route=%2Fwp%2Fv2%2Ftags&post=10907"}],"curies":[{"name":"wp","href":"https:\/\/api.w.org\/{rel}","templated":true}]}}