{"id":10894,"date":"2024-02-09T23:06:01","date_gmt":"2024-02-09T23:06:01","guid":{"rendered":"https:\/\/radiocresatelital.com\/?p=10894"},"modified":"2024-02-09T23:06:29","modified_gmt":"2024-02-09T23:06:29","slug":"presidente-daniel-noboa-lidero-mesa-de-seguridad-en-la-provincia-de-los-rios","status":"publish","type":"post","link":"https:\/\/radiocresatelital.com\/?p=10894","title":{"rendered":"Presidente Daniel Noboa lider\u00f3 mesa de seguridad en la Provincia de los R\u00edos"},"content":{"rendered":"<p>Babahoyo.- El Presidente de la Rep\u00fablica, Daniel Noboa Azin, realiz\u00f3 un sobrevuelo en la provincia de Los R\u00edos, para constatar las zonas afectadas por las intensas lluvias. Posteriormente, lider\u00f3 la mesa de seguridad que se llev\u00f3 a cabo en las instalaciones del ECU-911.<\/p>\n<p>En esta reuni\u00f3n, el Mandatario y su equipo de trabajo coordinaron acciones para fortalecer la seguridad de la localidad. Esto se llevar\u00e1 a cabo mediante la labor conjunta de las entidades gubernamentales y las fuerzas del orden, como la Polic\u00eda Nacional y las Fuerzas Armadas.<\/p>\n<p>En declaraciones a la prensa, el Presidente fue enf\u00e1tico al mencionar que su gobierno desplegar\u00e1 el contingente necesario para atender a la poblaci\u00f3n.<\/p>\n<p>Por consiguiente, parte de los temas abordados en este d\u00eda, fue la ruta de trabajo que se pondr\u00e1 en marcha frente a las fuertes precipitaciones que se han presentado los \u00faltimos d\u00edas y que se prev\u00e9 su continuidad. El prop\u00f3sito es prevenir y atender de forma oportuna a la ciudadan\u00eda, especialmente a los m\u00e1s afectados.<\/p>\n<p>Por otro lado, el Jefe de Estado lament\u00f3 que esta zona del Ecuador haya permanecido sin atenci\u00f3n por parte de los gobiernos de turno, trayendo consigo problemas como la inseguridad.<\/p>\n<p>Por ello, asegur\u00f3 que su administraci\u00f3n ya est\u00e1 tomando cartas en el asunto por medio del Plan F\u00e9nix. Al respecto sostuvo que \u201ctenemos que hacer una limpieza fuerte\u201d. Adem\u00e1s, se sumar\u00e1n iniciativas enfocadas al sector social, as\u00ed como para promover mayor productividad y generar empleos.<\/p>\n","protected":false},"excerpt":{"rendered":"<p>Babahoyo.- El Presidente de la Rep\u00fablica, Daniel Noboa Azin, realiz\u00f3 un sobrevuelo en la provincia de Los R\u00edos, para constatar las zonas afectadas por las intensas lluvias. Posteriormente, lider\u00f3 la mesa de seguridad que se llev\u00f3 a cabo en las instalaciones del ECU-911. En esta reuni\u00f3n, el Mandatario y su equipo de trabajo coordinaron acciones [&hellip;]<\/p>\n","protected":false},"author":2,"featured_media":10895,"comment_status":"open","ping_status":"closed","sticky":false,"template":"","format":"standard","meta":{"_jetpack_memberships_contains_paid_content":false,"footnotes":""},"categories":[13],"tags":[1322],"class_list":["post-10894","post","type-post","status-publish","format-standard","has-post-thumbnail","hentry","category-noticias-nacionales","tag-presidente-daniel-noboa"],"jetpack_featured_media_url":"https:\/\/radiocresatelital.com\/wp-content\/uploads\/2024\/02\/53519441889_c98768b56c_c.jpg","jetpack_sharing_enabled":true,"_links":{"self":[{"href":"https:\/\/radiocresatelital.com\/index.php?rest_route=\/wp\/v2\/posts\/10894","targetHints":{"allow":["GET"]}}],"collection":[{"href":"https:\/\/radiocresatelital.com\/index.php?rest_route=\/wp\/v2\/posts"}],"about":[{"href":"https:\/\/radiocresatelital.com\/index.php?rest_route=\/wp\/v2\/types\/post"}],"author":[{"embeddable":true,"href":"https:\/\/radiocresatelital.com\/index.php?rest_route=\/wp\/v2\/users\/2"}],"replies":[{"embeddable":true,"href":"https:\/\/radiocresatelital.com\/index.php?rest_route=%2Fwp%2Fv2%2Fcomments&post=10894"}],"version-history":[{"count":1,"href":"https:\/\/radiocresatelital.com\/index.php?rest_route=\/wp\/v2\/posts\/10894\/revisions"}],"predecessor-version":[{"id":10896,"href":"https:\/\/radiocresatelital.com\/index.php?rest_route=\/wp\/v2\/posts\/10894\/revisions\/10896"}],"wp:featuredmedia":[{"embeddable":true,"href":"https:\/\/radiocresatelital.com\/index.php?rest_route=\/wp\/v2\/media\/10895"}],"wp:attachment":[{"href":"https:\/\/radiocresatelital.com\/index.php?rest_route=%2Fwp%2Fv2%2Fmedia&parent=10894"}],"wp:term":[{"taxonomy":"category","embeddable":true,"href":"https:\/\/radiocresatelital.com\/index.php?rest_route=%2Fwp%2Fv2%2Fcategories&post=10894"},{"taxonomy":"post_tag","embeddable":true,"href":"https:\/\/radiocresatelital.com\/index.php?rest_route=%2Fwp%2Fv2%2Ftags&post=10894"}],"curies":[{"name":"wp","href":"https:\/\/api.w.org\/{rel}","templated":true}]}}