{"id":10891,"date":"2024-02-09T23:00:08","date_gmt":"2024-02-09T23:00:08","guid":{"rendered":"https:\/\/radiocresatelital.com\/?p=10891"},"modified":"2024-02-09T23:00:08","modified_gmt":"2024-02-09T23:00:08","slug":"sistema-reinicia-la-potente-colaboracion-que-transformara-el-cuidado-del-medioambiente","status":"publish","type":"post","link":"https:\/\/radiocresatelital.com\/?p=10891","title":{"rendered":"\u2018Sistema Reinicia\u2019: la potente colaboraci\u00f3n que transformar\u00e1 el cuidado del medioambiente"},"content":{"rendered":"<p>Quito.- Proyecci\u00f3n Futura y Vertmonde, dos Empresas B Certificadas, presentaron el Primer sistema de gesti\u00f3n de residuos de aparatos el\u00e9ctricos del Ecuador: \u2018Reinicia\u2019. Esta iniciativa tiene como objetivo reducir la huella ambiental de los residuos de aparatos el\u00e9ctricos y electr\u00f3nicos (RAEE), mediante una gesti\u00f3n adecuada. A trav\u00e9s de este proyecto las dos compa\u00f1\u00edas contribuir\u00e1n de manera directa en acciones de responsabilidad con el medioambiente, permitiendo que el sector empresarial incorpore el modelo de econom\u00eda circular en todas sus operaciones.<\/p>\n<p>Este modelo de gesti\u00f3n de RAEE funcionar\u00e1 de la siguiente manera:<\/p>\n<ol>\n<li><strong>Redes y Cobertura:<\/strong> Desarrollo de redes de generadores de residuos a nivel nacional.<\/li>\n<li><strong>Recolecci\u00f3n:<\/strong> Los sistemas gracias a los gestores ambientales de transporte logran recolectar los residuos a nivel nacional.<\/li>\n<li><strong>Aprovechamiento:<\/strong> Los sistemas a trav\u00e9s de sus plantas recicladoras brindan el tratamiento adecuado a los residuos, para el cumplimiento de la normativa ambiental.<\/li>\n<li><strong>Administraci\u00f3n:<\/strong> Los sistemas elaboran y administran cada uno de los manifiestos de transporte y reciclaje que se generan tanto por la recolecci\u00f3n como por el reciclaje.<\/li>\n<li><strong>Comunicaci\u00f3n:<\/strong> Los sistemas realizan campa\u00f1as de comunicaci\u00f3n y capacitaci\u00f3n a diversos actores con la finalidad de promocionar al cliente sobre su adecuada gesti\u00f3n.<\/li>\n<\/ol>\n<p>\u201cLos residuos electr\u00f3nicos son la plaga del siglo 21, en el mundo solo 20% son tratados formalmente y en Ecuador 5%. La Industria IT es la que m\u00e1s consumo de metales tiene, lo que significa que se aprovecha de la explotaci\u00f3n de recursos naturales como miner\u00eda, petr\u00f3leo y otras actividades contaminantes que deterioran el planeta. Una sola persona produce 6kg de desechos electr\u00f3nicos al a\u00f1o. Vertmonde en 2023 logr\u00f3 reciclar 900 toneladas de este tipo de residuos, evitando que estos vayan a parar en los r\u00edos y quebradas\u201d, coment\u00f3 Bel\u00e9n Rosales, l\u00edder de operaciones y cofundadora de Vertmonde.<\/p>\n<p>Por su parte, Pablo Mac\u00edas, presidente de Proyecci\u00f3n Futura, expres\u00f3: \u201cNuestra expertise es desarrollar sistemas integrados de gesti\u00f3n para productos post consumo y reinsertarlos en la cadena productiva y fomentar la econom\u00eda circular y la sostenibilidad en el pa\u00eds. Nosotros logramos gestionarlos gracias a colaboraciones como la que tenemos con Vertmonde, con quienes hemos trabajado desde hace muchos a\u00f1os en crear la estructura de una organizaci\u00f3n llamada CEREP para vincular a las empresas con la responsabilidad extendida del productor sobre sus productos\u201d.<\/p>\n<p>\u2018Reinicia\u2019 es el primer sistema colectivo para la recuperaci\u00f3n y gesti\u00f3n de RAEE, basado en el Principio de Responsabilidad Extendida del Productor (REP), la econom\u00eda circular y desarrollo sostenible. Agrupa a productores, importadores, fabricantes, ensambladores de aparatos el\u00e9ctricos y electr\u00f3nicos, garantizando el cumplimento normativo, la reducci\u00f3n de costos y generando impactos positivos ambientales, econ\u00f3micos y sociales.<\/p>\n<p>Para Jos\u00e9 Ignacio Morej\u00f3n, director ejecutivo de Sistema B Ecuador, este tipo de alianzas representan \u201cLa fuerza de la colaboraci\u00f3n tanto entre empresas B como otras empresas de la comunidad. Es importante la colaboraci\u00f3n entre empresas B y estas otras empresas porque compartimos un solo prop\u00f3sito que une voluntades, recursos e intenciones, y eventualmente tenemos cosas maravillosas que contar\u201d.<\/p>\n<p>Este tipo de iniciativas y acciones ratifican el compromiso del sector empresarial por impulsar una nueva forma de hacer negocios, la cual les permite alcanzar sus objetivos comerciales sin dejar de lado su visi\u00f3n de ser social y ambientalmente responsables.<\/p>\n","protected":false},"excerpt":{"rendered":"<p>Quito.- Proyecci\u00f3n Futura y Vertmonde, dos Empresas B Certificadas, presentaron el Primer sistema de gesti\u00f3n de residuos de aparatos el\u00e9ctricos del Ecuador: \u2018Reinicia\u2019. Esta iniciativa tiene como objetivo reducir la huella ambiental de los residuos de aparatos el\u00e9ctricos y electr\u00f3nicos (RAEE), mediante una gesti\u00f3n adecuada. A trav\u00e9s de este proyecto las dos compa\u00f1\u00edas contribuir\u00e1n de [&hellip;]<\/p>\n","protected":false},"author":2,"featured_media":10892,"comment_status":"open","ping_status":"closed","sticky":false,"template":"","format":"standard","meta":{"_jetpack_memberships_contains_paid_content":false,"footnotes":""},"categories":[13],"tags":[1855],"class_list":["post-10891","post","type-post","status-publish","format-standard","has-post-thumbnail","hentry","category-noticias-nacionales","tag-reinicia"],"jetpack_featured_media_url":"https:\/\/radiocresatelital.com\/wp-content\/uploads\/2024\/02\/599ad2ca-fdfe-4d6c-90b9-4a852d056021.jpg","jetpack_sharing_enabled":true,"_links":{"self":[{"href":"https:\/\/radiocresatelital.com\/index.php?rest_route=\/wp\/v2\/posts\/10891","targetHints":{"allow":["GET"]}}],"collection":[{"href":"https:\/\/radiocresatelital.com\/index.php?rest_route=\/wp\/v2\/posts"}],"about":[{"href":"https:\/\/radiocresatelital.com\/index.php?rest_route=\/wp\/v2\/types\/post"}],"author":[{"embeddable":true,"href":"https:\/\/radiocresatelital.com\/index.php?rest_route=\/wp\/v2\/users\/2"}],"replies":[{"embeddable":true,"href":"https:\/\/radiocresatelital.com\/index.php?rest_route=%2Fwp%2Fv2%2Fcomments&post=10891"}],"version-history":[{"count":1,"href":"https:\/\/radiocresatelital.com\/index.php?rest_route=\/wp\/v2\/posts\/10891\/revisions"}],"predecessor-version":[{"id":10893,"href":"https:\/\/radiocresatelital.com\/index.php?rest_route=\/wp\/v2\/posts\/10891\/revisions\/10893"}],"wp:featuredmedia":[{"embeddable":true,"href":"https:\/\/radiocresatelital.com\/index.php?rest_route=\/wp\/v2\/media\/10892"}],"wp:attachment":[{"href":"https:\/\/radiocresatelital.com\/index.php?rest_route=%2Fwp%2Fv2%2Fmedia&parent=10891"}],"wp:term":[{"taxonomy":"category","embeddable":true,"href":"https:\/\/radiocresatelital.com\/index.php?rest_route=%2Fwp%2Fv2%2Fcategories&post=10891"},{"taxonomy":"post_tag","embeddable":true,"href":"https:\/\/radiocresatelital.com\/index.php?rest_route=%2Fwp%2Fv2%2Ftags&post=10891"}],"curies":[{"name":"wp","href":"https:\/\/api.w.org\/{rel}","templated":true}]}}