{"id":10888,"date":"2024-02-09T22:33:22","date_gmt":"2024-02-09T22:33:22","guid":{"rendered":"https:\/\/radiocresatelital.com\/?p=10888"},"modified":"2024-02-09T22:33:22","modified_gmt":"2024-02-09T22:33:22","slug":"personas-privadas-de-la-libertad-elaboraron-10-stands-que-seran-utilizados-en-ferias-turisticas","status":"publish","type":"post","link":"https:\/\/radiocresatelital.com\/?p=10888","title":{"rendered":"Personas privadas de la libertad elaboraron 10 stands que ser\u00e1n utilizados en ferias tur\u00edsticas"},"content":{"rendered":"<p>Guayaquil.- La Empresa P\u00fablica Municipal de Turismo, Relaciones Internacionales y Cultura recibi\u00f3 diez stands de madera elaborados por personas privadas de libertad, como parte del trabajo interinstitucional entre el Municipio de Guayaquil y el SNAI.<\/p>\n<p>Con el objetivo de trabajar en la reconstrucci\u00f3n del tejido social, la empresa de turismo entreg\u00f3 materiales de carpinter\u00eda para que las personas privadas de libertad elaboren diez stands de madera, que<br \/>\nser\u00e1n utilizados en las ferias que promueva la instituci\u00f3n.<\/p>\n<p>Manuel P., privado de libertad, agradeci\u00f3 la oportunidad que le brind\u00f3 este proyecto. \u201cGracias a la Alcald\u00eda por creer en nuestro trabajo, nosotros queremos demostrarle a la sociedad que s\u00ed podemos<br \/>\nrehabilitarnos y el hecho que nos hayan tomado en cuenta nos enorgullece\u201d, expres\u00f3 el interno.<\/p>\n<p>La construcci\u00f3n de los stands tom\u00f3 dos meses a partir de la entrega del material, realizada el 5 de diciembre de 2023. Ese d\u00eda se firm\u00f3 un acta de compromiso entre el Centro de Rehabilitaci\u00f3n y la presidenta de la Empresa de Turismo, Larissa Marangoni.<\/p>\n<p>El Municipio de Guayaquil, a trav\u00e9s de la Empresa P\u00fablica Municipal de Turismo, Relaciones Internacionales y Cultura, busca fomentar el trabajo articulado con otras instituciones p\u00fablicas que beneficien a la ciudadan\u00eda.<\/p>\n","protected":false},"excerpt":{"rendered":"<p>Guayaquil.- La Empresa P\u00fablica Municipal de Turismo, Relaciones Internacionales y Cultura recibi\u00f3 diez stands de madera elaborados por personas privadas de libertad, como parte del trabajo interinstitucional entre el Municipio de Guayaquil y el SNAI. Con el objetivo de trabajar en la reconstrucci\u00f3n del tejido social, la empresa de turismo entreg\u00f3 materiales de carpinter\u00eda para [&hellip;]<\/p>\n","protected":false},"author":2,"featured_media":10889,"comment_status":"open","ping_status":"closed","sticky":false,"template":"","format":"standard","meta":{"_jetpack_memberships_contains_paid_content":false,"footnotes":""},"categories":[33,13],"tags":[1608],"class_list":["post-10888","post","type-post","status-publish","format-standard","has-post-thumbnail","hentry","category-guayaquil","category-noticias-nacionales","tag-empresa-publica-municipal-de-turismo"],"jetpack_featured_media_url":"https:\/\/radiocresatelital.com\/wp-content\/uploads\/2024\/02\/GYE_2350-scaled.jpg","jetpack_sharing_enabled":true,"_links":{"self":[{"href":"https:\/\/radiocresatelital.com\/index.php?rest_route=\/wp\/v2\/posts\/10888","targetHints":{"allow":["GET"]}}],"collection":[{"href":"https:\/\/radiocresatelital.com\/index.php?rest_route=\/wp\/v2\/posts"}],"about":[{"href":"https:\/\/radiocresatelital.com\/index.php?rest_route=\/wp\/v2\/types\/post"}],"author":[{"embeddable":true,"href":"https:\/\/radiocresatelital.com\/index.php?rest_route=\/wp\/v2\/users\/2"}],"replies":[{"embeddable":true,"href":"https:\/\/radiocresatelital.com\/index.php?rest_route=%2Fwp%2Fv2%2Fcomments&post=10888"}],"version-history":[{"count":1,"href":"https:\/\/radiocresatelital.com\/index.php?rest_route=\/wp\/v2\/posts\/10888\/revisions"}],"predecessor-version":[{"id":10890,"href":"https:\/\/radiocresatelital.com\/index.php?rest_route=\/wp\/v2\/posts\/10888\/revisions\/10890"}],"wp:featuredmedia":[{"embeddable":true,"href":"https:\/\/radiocresatelital.com\/index.php?rest_route=\/wp\/v2\/media\/10889"}],"wp:attachment":[{"href":"https:\/\/radiocresatelital.com\/index.php?rest_route=%2Fwp%2Fv2%2Fmedia&parent=10888"}],"wp:term":[{"taxonomy":"category","embeddable":true,"href":"https:\/\/radiocresatelital.com\/index.php?rest_route=%2Fwp%2Fv2%2Fcategories&post=10888"},{"taxonomy":"post_tag","embeddable":true,"href":"https:\/\/radiocresatelital.com\/index.php?rest_route=%2Fwp%2Fv2%2Ftags&post=10888"}],"curies":[{"name":"wp","href":"https:\/\/api.w.org\/{rel}","templated":true}]}}