{"id":10873,"date":"2024-02-09T21:23:42","date_gmt":"2024-02-09T21:23:42","guid":{"rendered":"https:\/\/radiocresatelital.com\/?p=10873"},"modified":"2024-02-09T21:23:42","modified_gmt":"2024-02-09T21:23:42","slug":"gobierno-firmo-89-convenios-con-autoridades-locales-para-fortalecer-los-servicios-sociales-en-la-zonas-5-y-8-del-pais","status":"publish","type":"post","link":"https:\/\/radiocresatelital.com\/?p=10873","title":{"rendered":"Gobierno firm\u00f3 89 convenios con autoridades locales para fortalecer los servicios sociales en la Zonas 5 y 8 del Pa\u00eds"},"content":{"rendered":"<p>Babahoyo.- El Gobierno Nacional firm\u00f3 89 convenios de cooperaci\u00f3n para fortalecer los servicios de desarrollo infantil y atenci\u00f3n a personas adultas mayores con los gobiernos aut\u00f3nomos descentralizados y organizaciones sociales de Los R\u00edos, Guayas, Santa Elena, Bol\u00edvar, Gal\u00e1pagos (zona 5); y Guayaquil, Dur\u00e1n, Samborond\u00f3n (zona 8). El presidente Daniel Noboa Azin lider\u00f3 el evento en el que se oficializ\u00f3 este anunci\u00f3. Esto sella el inicio del Nuevo Ecuador dijo el Jefe de Estado.<\/p>\n<p>Durante el acto, desde la Universidad T\u00e9cnica de Babahoyo, el Mandatario tambi\u00e9n indic\u00f3 que este Gobierno no solo se enfoca en combatir al narcoterrorismo, sino que de manera paralela \u201ctiene un coraz\u00f3n para atender a las familias, a los m\u00e1s afectados\u201d. Por eso acot\u00f3 que \u201cde nada servir\u00eda luchar contra la delincuencia, si los j\u00f3venes no tienen un cupo en la universidad. Esto se volver\u00eda una soluci\u00f3n moment\u00e1nea y vuelve a salir la toxicidad de la desesperaci\u00f3n y de la falta de empleo\u201d.<\/p>\n<p>El Nuevo Ecuador fortalece los servicios sociales para grupos prioritarios. Es decir, 45 convenios mejorar\u00e1n la protecci\u00f3n y atenci\u00f3n para personas adultas mayores en la zona 5 y 8. Mientras que 44 convenios garantizar\u00e1n la atenci\u00f3n de calidad y calidez de los centros de desarrollo infantil y el cuidado de ni\u00f1as y ni\u00f1os, de 12 a 36 meses de edad, en las poblaciones mencionadas.<\/p>\n<p>En este punto, el Presidente inform\u00f3 que la atenci\u00f3n social tambi\u00e9n se enfoca en las zonas en las que se ha identificado que existe m\u00e1s violencia, pues en estos sectores \u201cexiste mayor afectaci\u00f3n por parte de los grupos terroristas y se evidencia tambi\u00e9n mayor abandono por los gobiernos pasados\u201d, dijo.<\/p>\n<p>La ministra de Inclusi\u00f3n Econ\u00f3mica y Social, Zaida Rovira, explic\u00f3 que el Gobierno Nacional articula con las instituciones y la sociedad civil para beneficiar a las poblaciones vulnerables.<\/p>\n<p>Por eso, estos convenios ampliar\u00e1n y fortalecer\u00e1n los servicios para ni\u00f1as y ni\u00f1os, adultos mayores y personas con discapacidad. Y adem\u00e1s \u201cgenerar\u00e1n fuentes de trabajo\u201d para los j\u00f3venes ecuatorianos.<\/p>\n<p>Sandy Quinga, oriunda de Babahoyo y quien es usuaria del Centro de Desarrollo Infantil \u201cLos Pitufos\u201d del MIES, confirm\u00f3 que, con el trabajo t\u00e9cnico de este centro, su hijo pudo desarrollar sus habilidades ling\u00fc\u00edsticas. Por eso, agradeci\u00f3 al Presidente que se concreten los convenios con los gobiernos seccionales.<\/p>\n<p>Por su parte, el alcalde de Babahoyo, Gustavo Barquet Mar\u00fan, agradeci\u00f3 al gobierno por brindar atenci\u00f3n, con acciones contundentes, a los grupos vulnerables. Asimismo, reconoci\u00f3 la importancia de que los representantes del Ejecutivo acudan a las provincias, para conocer de primera mano las necesidades de la poblaci\u00f3n.<\/p>\n<p>Al finalizar la firma de los convenios, el presidente Noboa resalt\u00f3 que el Plan F\u00e9nix es un elemento clave para recuperar la seguridad y atender a las poblaciones m\u00e1s vulnerables. El aspecto diferenciador en esta estrategia, en relaci\u00f3n de otras, es que existe \u201cla voluntad que requieren los ecuatorianos que quieren vivir en una zona de paz y productividad\u201d.<\/p>\n","protected":false},"excerpt":{"rendered":"<p>Babahoyo.- El Gobierno Nacional firm\u00f3 89 convenios de cooperaci\u00f3n para fortalecer los servicios de desarrollo infantil y atenci\u00f3n a personas adultas mayores con los gobiernos aut\u00f3nomos descentralizados y organizaciones sociales de Los R\u00edos, Guayas, Santa Elena, Bol\u00edvar, Gal\u00e1pagos (zona 5); y Guayaquil, Dur\u00e1n, Samborond\u00f3n (zona 8). El presidente Daniel Noboa Azin lider\u00f3 el evento en [&hellip;]<\/p>\n","protected":false},"author":2,"featured_media":10874,"comment_status":"open","ping_status":"closed","sticky":false,"template":"","format":"standard","meta":{"_jetpack_memberships_contains_paid_content":false,"footnotes":""},"categories":[13],"tags":[157,1322],"class_list":["post-10873","post","type-post","status-publish","format-standard","has-post-thumbnail","hentry","category-noticias-nacionales","tag-gobierno-nacional","tag-presidente-daniel-noboa"],"jetpack_featured_media_url":"https:\/\/radiocresatelital.com\/wp-content\/uploads\/2024\/02\/53518137382_d2bdbcc53f_c.jpg","jetpack_sharing_enabled":true,"_links":{"self":[{"href":"https:\/\/radiocresatelital.com\/index.php?rest_route=\/wp\/v2\/posts\/10873","targetHints":{"allow":["GET"]}}],"collection":[{"href":"https:\/\/radiocresatelital.com\/index.php?rest_route=\/wp\/v2\/posts"}],"about":[{"href":"https:\/\/radiocresatelital.com\/index.php?rest_route=\/wp\/v2\/types\/post"}],"author":[{"embeddable":true,"href":"https:\/\/radiocresatelital.com\/index.php?rest_route=\/wp\/v2\/users\/2"}],"replies":[{"embeddable":true,"href":"https:\/\/radiocresatelital.com\/index.php?rest_route=%2Fwp%2Fv2%2Fcomments&post=10873"}],"version-history":[{"count":1,"href":"https:\/\/radiocresatelital.com\/index.php?rest_route=\/wp\/v2\/posts\/10873\/revisions"}],"predecessor-version":[{"id":10875,"href":"https:\/\/radiocresatelital.com\/index.php?rest_route=\/wp\/v2\/posts\/10873\/revisions\/10875"}],"wp:featuredmedia":[{"embeddable":true,"href":"https:\/\/radiocresatelital.com\/index.php?rest_route=\/wp\/v2\/media\/10874"}],"wp:attachment":[{"href":"https:\/\/radiocresatelital.com\/index.php?rest_route=%2Fwp%2Fv2%2Fmedia&parent=10873"}],"wp:term":[{"taxonomy":"category","embeddable":true,"href":"https:\/\/radiocresatelital.com\/index.php?rest_route=%2Fwp%2Fv2%2Fcategories&post=10873"},{"taxonomy":"post_tag","embeddable":true,"href":"https:\/\/radiocresatelital.com\/index.php?rest_route=%2Fwp%2Fv2%2Ftags&post=10873"}],"curies":[{"name":"wp","href":"https:\/\/api.w.org\/{rel}","templated":true}]}}