{"id":10870,"date":"2024-02-09T20:56:21","date_gmt":"2024-02-09T20:56:21","guid":{"rendered":"https:\/\/radiocresatelital.com\/?p=10870"},"modified":"2024-02-09T20:56:21","modified_gmt":"2024-02-09T20:56:21","slug":"tras-cumplirse-un-mes-de-la-declaratoria-de-conflicto-armado-interno-armado-interno-en-babahoyo-hay-una-tendencia-a-la-baja-de-la-violencia","status":"publish","type":"post","link":"https:\/\/radiocresatelital.com\/?p=10870","title":{"rendered":"Tras cumplirse un mes de la declaratoria de conflicto armado interno armado interno, en Babahoyo hay una tendencia a la baja de la violencia"},"content":{"rendered":"<p>Babahoyo.- El Presidente de la Rep\u00fablica, Daniel Noboa Azin, cumple agenda en la provincia de Los R\u00edos. Su jornada comenz\u00f3 con una visita a la Unidad de Vigilancia Comunitaria (UVC) de Babahoyo, donde constat\u00f3 los resultados de los operativos realizados en la zona, al cumplirse un mes desde la declaraci\u00f3n del conflicto armado interno.<\/p>\n<p>El Presidente destac\u00f3 que Los R\u00edos es una de las provincias que m\u00e1s ha sufrido en el pasado debido al crimen organizado, y que ha sido escenario de considerable violencia.<\/p>\n<p>Sin embargo, los resultados de las estrategias implementadas a trav\u00e9s del Plan F\u00e9nix muestran una clara tendencia a la baja. En Babahoyo, se ha observado una reducci\u00f3n del 15 % en los homicidios intencionales en comparaci\u00f3n con el a\u00f1o 2023.<\/p>\n<p>En ese sentido, el Primer Mandatario reafirm\u00f3 ante los uniformados su compromiso por servir y devolverle la paz a los ciudadanos en todo el territorio nacional, respaldado por el Estado de Derecho y las fuerzas del orden. \u201cEn esta pelea contra narcoterrorismo nos hemos caracterizado por hablar poco y hacer bastante; por callarle la boca a nuestros enemigos pol\u00edticos. Y, aunque fuimos los que menos probabilidades ten\u00edan, los hemos dejado a todos en silencio (\u2026) Aqu\u00ed me tendr\u00e1n, luchando hasta el final\u00bb, asever\u00f3.<\/p>\n<p>La implementaci\u00f3n del Plan F\u00e9nix a nivel nacional ha permitido recuperar el control en zonas que estuvieron bajo el dominio de criminales durante a\u00f1os. Como resultado, se ha registrado una disminuci\u00f3n del promedio de muertes violentas, pasando de 27.5 a 10.5 en todo el pa\u00eds. El golpe al terrorismo y la delincuencia organizada ha sido s\u00f3lido y decisivo.<\/p>\n<p>Durante su intervenci\u00f3n, el presidente Noboa expres\u00f3 su respaldo a los elementos de las filas policiales y militares, en lo que coincidi\u00f3 el comandante General de la Polic\u00eda Nacional, Victor Z\u00e1rate: \u201cdetr\u00e1s de cada victoria, hay historias de sacrificio y de profesionalismo (\u2026). Y nos comprometemos cada d\u00eda, se\u00f1or Presidente\u201d, dijo.<\/p>\n","protected":false},"excerpt":{"rendered":"<p>Babahoyo.- El Presidente de la Rep\u00fablica, Daniel Noboa Azin, cumple agenda en la provincia de Los R\u00edos. Su jornada comenz\u00f3 con una visita a la Unidad de Vigilancia Comunitaria (UVC) de Babahoyo, donde constat\u00f3 los resultados de los operativos realizados en la zona, al cumplirse un mes desde la declaraci\u00f3n del conflicto armado interno. El [&hellip;]<\/p>\n","protected":false},"author":2,"featured_media":10871,"comment_status":"open","ping_status":"closed","sticky":false,"template":"","format":"standard","meta":{"_jetpack_memberships_contains_paid_content":false,"footnotes":""},"categories":[13],"tags":[1322,1851],"class_list":["post-10870","post","type-post","status-publish","format-standard","has-post-thumbnail","hentry","category-noticias-nacionales","tag-presidente-daniel-noboa","tag-unidad-de-vigilancia-comunitaria"],"jetpack_featured_media_url":"https:\/\/radiocresatelital.com\/wp-content\/uploads\/2024\/02\/53518957411_2f2bb15e3c_c.jpg","jetpack_sharing_enabled":true,"_links":{"self":[{"href":"https:\/\/radiocresatelital.com\/index.php?rest_route=\/wp\/v2\/posts\/10870","targetHints":{"allow":["GET"]}}],"collection":[{"href":"https:\/\/radiocresatelital.com\/index.php?rest_route=\/wp\/v2\/posts"}],"about":[{"href":"https:\/\/radiocresatelital.com\/index.php?rest_route=\/wp\/v2\/types\/post"}],"author":[{"embeddable":true,"href":"https:\/\/radiocresatelital.com\/index.php?rest_route=\/wp\/v2\/users\/2"}],"replies":[{"embeddable":true,"href":"https:\/\/radiocresatelital.com\/index.php?rest_route=%2Fwp%2Fv2%2Fcomments&post=10870"}],"version-history":[{"count":1,"href":"https:\/\/radiocresatelital.com\/index.php?rest_route=\/wp\/v2\/posts\/10870\/revisions"}],"predecessor-version":[{"id":10872,"href":"https:\/\/radiocresatelital.com\/index.php?rest_route=\/wp\/v2\/posts\/10870\/revisions\/10872"}],"wp:featuredmedia":[{"embeddable":true,"href":"https:\/\/radiocresatelital.com\/index.php?rest_route=\/wp\/v2\/media\/10871"}],"wp:attachment":[{"href":"https:\/\/radiocresatelital.com\/index.php?rest_route=%2Fwp%2Fv2%2Fmedia&parent=10870"}],"wp:term":[{"taxonomy":"category","embeddable":true,"href":"https:\/\/radiocresatelital.com\/index.php?rest_route=%2Fwp%2Fv2%2Fcategories&post=10870"},{"taxonomy":"post_tag","embeddable":true,"href":"https:\/\/radiocresatelital.com\/index.php?rest_route=%2Fwp%2Fv2%2Ftags&post=10870"}],"curies":[{"name":"wp","href":"https:\/\/api.w.org\/{rel}","templated":true}]}}