{"id":10863,"date":"2024-02-09T20:40:23","date_gmt":"2024-02-09T20:40:23","guid":{"rendered":"https:\/\/radiocresatelital.com\/?p=10863"},"modified":"2024-02-09T20:40:23","modified_gmt":"2024-02-09T20:40:23","slug":"en-el-peaje-de-naranjal-esta-habilitado-el-tercer-punto-de-control-y-seguridad-vial-del-guayas","status":"publish","type":"post","link":"https:\/\/radiocresatelital.com\/?p=10863","title":{"rendered":"En el peaje de Naranjal est\u00e1 habilitado el tercer Punto de Control y Seguridad Vial del Guayas"},"content":{"rendered":"<p><span style=\"font-weight: 400;\">Guayaquil.- El viceprefecto Carlos Serrano inaugur\u00f3 el tercer Punto de Control y Seguridad Vial del Guayas, que est\u00e1 localizado junto al peaje Naranjal, en la carretera concesionada que conecta a ese cant\u00f3n con el resto del Guayas.\u00a0<\/span><\/p>\n<p><span style=\"font-weight: 400;\">El acto empez\u00f3 con un minuto de silencio en memoria de la concejala de Naranjal Diana Carnero, quien fue asesinada el pasado mi\u00e9rcoles.<\/span><\/p>\n<p><span style=\"font-weight: 400;\">El Punto de Control consiste en un contenedor climatizado que funciona como centro de monitoreo, pues est\u00e1 conectado a las c\u00e1maras de v\u00eddeo de los peajes de la red vial primaria concesionada, y que sirve para el monitoreo permanente en esa carretera que tambi\u00e9n conecta con Tenguel y Balao.\u00a0<\/span><\/p>\n<p><span style=\"font-weight: 400;\">El viceprefecto Serrano hizo la entrega formal al coronel Julio Camacho, comandante de la subzona Guayas, de la Polic\u00eda Nacional, quien estuvo en el acto acompa\u00f1ado por elementos policiales y de la Comisi\u00f3n de Tr\u00e1nsito del Ecuador (CTE). Tambi\u00e9n se sumaron habitantes de las zonas urbanas y rurales del cant\u00f3n.<\/span><\/p>\n<p><span style=\"font-weight: 400;\">\u201cLo ponemos a disposici\u00f3n de la fuerza p\u00fablica, de las Fuerzas Armadas y de la Polic\u00eda, para que puedan realizar operativos, y cosas como las que ocurrieron ayer en Naranjal, Balao o Tenguel no vuelvan a pasar\u201d, expres\u00f3 el ejecutivo guayasense, quien precis\u00f3 que no se posterg\u00f3 el acto inaugural, tras el asesinato de la concejala, porque \u201cen seguridad no nos podemos detener\u201d.<\/span><\/p>\n<p><span style=\"font-weight: 400;\">El viceprefecto Serrano tambi\u00e9n hizo un llamado a la unidad por la seguridad. \u201cQueremos unirnos por un solo color de camiseta que es Guayas\u201d. En ese sentido, ratific\u00f3 que se espera entregar otros cuatro Puntos de Control y Seguridad Vial en la red vial concesionada hasta completar siete en una primera etapa.<\/span><\/p>\n<p><span style=\"font-weight: 400;\">Camacho, por su parte, destac\u00f3 la \u00abparticipaci\u00f3n activa y efectiva\u00bb de la Prefectura Ciudadana del Guayas ante la problem\u00e1tica que se vive en los ejes viales.\u00a0<\/span><\/p>\n<p><span style=\"font-weight: 400;\">\u201cPusieron o\u00eddos a nuestros pedidos y hoy, justamente, estamos inaugurando el tercer punto de control. Adicional a ello, hemos recibido, por parte de Prefectura, seis camionetas, que se encuentran funcionando en los ejes priorizados que nosotros hemos determinado en base a nuestra georreferenciaci\u00f3n del delito\u201d, se\u00f1al\u00f3 el alto oficial.<\/span><\/p>\n","protected":false},"excerpt":{"rendered":"<p>Guayaquil.- El viceprefecto Carlos Serrano inaugur\u00f3 el tercer Punto de Control y Seguridad Vial del Guayas, que est\u00e1 localizado junto al peaje Naranjal, en la carretera concesionada que conecta a ese cant\u00f3n con el resto del Guayas.\u00a0 El acto empez\u00f3 con un minuto de silencio en memoria de la concejala de Naranjal Diana Carnero, quien [&hellip;]<\/p>\n","protected":false},"author":2,"featured_media":10864,"comment_status":"open","ping_status":"closed","sticky":false,"template":"","format":"standard","meta":{"_jetpack_memberships_contains_paid_content":false,"footnotes":""},"categories":[13],"tags":[1848,89],"class_list":["post-10863","post","type-post","status-publish","format-standard","has-post-thumbnail","hentry","category-noticias-nacionales","tag-carlos-serrano","tag-viceprefecto-guayas"],"jetpack_featured_media_url":"https:\/\/radiocresatelital.com\/wp-content\/uploads\/2024\/02\/WhatsApp-Image-2024-02-08-at-20.26.39.jpeg","jetpack_sharing_enabled":true,"_links":{"self":[{"href":"https:\/\/radiocresatelital.com\/index.php?rest_route=\/wp\/v2\/posts\/10863","targetHints":{"allow":["GET"]}}],"collection":[{"href":"https:\/\/radiocresatelital.com\/index.php?rest_route=\/wp\/v2\/posts"}],"about":[{"href":"https:\/\/radiocresatelital.com\/index.php?rest_route=\/wp\/v2\/types\/post"}],"author":[{"embeddable":true,"href":"https:\/\/radiocresatelital.com\/index.php?rest_route=\/wp\/v2\/users\/2"}],"replies":[{"embeddable":true,"href":"https:\/\/radiocresatelital.com\/index.php?rest_route=%2Fwp%2Fv2%2Fcomments&post=10863"}],"version-history":[{"count":1,"href":"https:\/\/radiocresatelital.com\/index.php?rest_route=\/wp\/v2\/posts\/10863\/revisions"}],"predecessor-version":[{"id":10865,"href":"https:\/\/radiocresatelital.com\/index.php?rest_route=\/wp\/v2\/posts\/10863\/revisions\/10865"}],"wp:featuredmedia":[{"embeddable":true,"href":"https:\/\/radiocresatelital.com\/index.php?rest_route=\/wp\/v2\/media\/10864"}],"wp:attachment":[{"href":"https:\/\/radiocresatelital.com\/index.php?rest_route=%2Fwp%2Fv2%2Fmedia&parent=10863"}],"wp:term":[{"taxonomy":"category","embeddable":true,"href":"https:\/\/radiocresatelital.com\/index.php?rest_route=%2Fwp%2Fv2%2Fcategories&post=10863"},{"taxonomy":"post_tag","embeddable":true,"href":"https:\/\/radiocresatelital.com\/index.php?rest_route=%2Fwp%2Fv2%2Ftags&post=10863"}],"curies":[{"name":"wp","href":"https:\/\/api.w.org\/{rel}","templated":true}]}}