{"id":10859,"date":"2024-02-09T15:58:09","date_gmt":"2024-02-09T15:58:09","guid":{"rendered":"https:\/\/radiocresatelital.com\/?p=10859"},"modified":"2024-02-09T20:43:22","modified_gmt":"2024-02-09T20:43:22","slug":"intentan-matar-a-la-viuda-del-fiscal-asesinado-cesar-suarez","status":"publish","type":"post","link":"https:\/\/radiocresatelital.com\/?p=10859","title":{"rendered":"Intentan matar a la viuda del fiscal asesinado C\u00e9sar Su\u00e1rez"},"content":{"rendered":"<p>Manab\u00ed.- Anoche, cerca de las 20:00,\u00a0 Mayra M\u00e1rquez, viuda del fiscal C\u00e9sar Su\u00e1rez, asesinado a tiros el pasado mes de enero en la ciudad de Guayaquil, sufri\u00f3 un atentado contra su vida cuando se trasladaba en su veh\u00edculo por el sector de El Guan\u00e1bano, cerca de La Cadena, \u00e1rea fronteriza con la provincia del Guayas.<\/p>\n<p>El veh\u00edculo de la viuda del fiscal, luego de ser interceptado en plena v\u00eda, fue baleado por varias ocasiones, pero afortunadamente ning\u00fan proyectil la alcanz\u00f3. Se conoce extraoficialmente que Crininal\u00edstica lleg\u00f3 hasta el lugar y recogi\u00f3 los indicios bal\u00edsticos del hecho, pero la Pplic\u00eda manabita no ha proporcionado la versi\u00f3n oficial de lo sucedido.<\/p>\n<p>Cabe se\u00f1alar que luego de la muerte del fiscal C\u00e9sar Su\u00e1rez, hubo un atentado en contra de la Fiscal\u00eda de Manta, donde dejaron un panfleto con la foto de Fito, advirtiendo que con la familia no deb\u00edan meterse, \u00e9sto porque el fiscal asesinado requiri\u00f3 documentaci\u00f3n sobre la esposa de Fito, Inda Pe\u00f1arrieta,\u00a0 unas horas antes de que lo mataran y en el mismo advert\u00edan que iban a continuar con los atentados.<\/p>\n","protected":false},"excerpt":{"rendered":"<p>Manab\u00ed.- Anoche, cerca de las 20:00,\u00a0 Mayra M\u00e1rquez, viuda del fiscal C\u00e9sar Su\u00e1rez, asesinado a tiros el pasado mes de enero en la ciudad de Guayaquil, sufri\u00f3 un atentado contra su vida cuando se trasladaba en su veh\u00edculo por el sector de El Guan\u00e1bano, cerca de La Cadena, \u00e1rea fronteriza con la provincia del Guayas. [&hellip;]<\/p>\n","protected":false},"author":3,"featured_media":10867,"comment_status":"open","ping_status":"closed","sticky":false,"template":"","format":"standard","meta":{"_jetpack_memberships_contains_paid_content":false,"footnotes":""},"categories":[13],"tags":[1849],"class_list":["post-10859","post","type-post","status-publish","format-standard","has-post-thumbnail","hentry","category-noticias-nacionales","tag-fiscal-cesar-suarez"],"jetpack_featured_media_url":"https:\/\/radiocresatelital.com\/wp-content\/uploads\/2024\/02\/20170727085234_fiscal-recibe-amenazas-de-muerte.jpg","jetpack_sharing_enabled":true,"_links":{"self":[{"href":"https:\/\/radiocresatelital.com\/index.php?rest_route=\/wp\/v2\/posts\/10859","targetHints":{"allow":["GET"]}}],"collection":[{"href":"https:\/\/radiocresatelital.com\/index.php?rest_route=\/wp\/v2\/posts"}],"about":[{"href":"https:\/\/radiocresatelital.com\/index.php?rest_route=\/wp\/v2\/types\/post"}],"author":[{"embeddable":true,"href":"https:\/\/radiocresatelital.com\/index.php?rest_route=\/wp\/v2\/users\/3"}],"replies":[{"embeddable":true,"href":"https:\/\/radiocresatelital.com\/index.php?rest_route=%2Fwp%2Fv2%2Fcomments&post=10859"}],"version-history":[{"count":2,"href":"https:\/\/radiocresatelital.com\/index.php?rest_route=\/wp\/v2\/posts\/10859\/revisions"}],"predecessor-version":[{"id":10868,"href":"https:\/\/radiocresatelital.com\/index.php?rest_route=\/wp\/v2\/posts\/10859\/revisions\/10868"}],"wp:featuredmedia":[{"embeddable":true,"href":"https:\/\/radiocresatelital.com\/index.php?rest_route=\/wp\/v2\/media\/10867"}],"wp:attachment":[{"href":"https:\/\/radiocresatelital.com\/index.php?rest_route=%2Fwp%2Fv2%2Fmedia&parent=10859"}],"wp:term":[{"taxonomy":"category","embeddable":true,"href":"https:\/\/radiocresatelital.com\/index.php?rest_route=%2Fwp%2Fv2%2Fcategories&post=10859"},{"taxonomy":"post_tag","embeddable":true,"href":"https:\/\/radiocresatelital.com\/index.php?rest_route=%2Fwp%2Fv2%2Ftags&post=10859"}],"curies":[{"name":"wp","href":"https:\/\/api.w.org\/{rel}","templated":true}]}}