{"id":10856,"date":"2024-02-09T15:25:15","date_gmt":"2024-02-09T15:25:15","guid":{"rendered":"https:\/\/radiocresatelital.com\/?p=10856"},"modified":"2024-02-09T20:44:07","modified_gmt":"2024-02-09T20:44:07","slug":"bullrich-gestiona-traslado-a-ecuador-de-hernan-luque","status":"publish","type":"post","link":"https:\/\/radiocresatelital.com\/?p=10856","title":{"rendered":"Bullrich gestiona traslado a Ecuador de Hern\u00e1n Luque"},"content":{"rendered":"<p>Buenos Aires.- Luego de ser detenido en una calle de Palermo, uno de los barrios m\u00e1s exclusivos de Buenos Aires, Argentina, Hern\u00e1n Luque ser\u00e1 repatriado a Ecuador, seg\u00fan lo ha dado a conocer la Ministra de Seguridad argentina, Patricia Bullrich. Luque es uno de los 8 implicados en el caso Encuentro o \u00abLe\u00f3n de Troya\u00bb\u00a0 que descubre un entramado de corrupci\u00f3n en torno al manejo de las empresas p\u00fablicas y toda una estructura criminal que mov\u00eda los contratos del sector el\u00e9ctrico en el Ecuador.<small><br \/>\n<\/small><\/p>\n<p>Hern\u00e1n Luque, fue vicepresidente del Banco de Guayaquil por muchos a\u00f1os, antes de formar parte del gobierno del ex presidente Guillermo Lasso. Otros de los implicados en casos de corrupci\u00f3n en el gobierno anterior fueron Rub\u00e9n Ch\u00e9rrez, quien fue asesinado hace m\u00e1s de un a\u00f1o y Danilo Carrera, cu\u00f1ado del ex mandatario Lasso.<\/p>\n<p>Las autoridades ecuatorianas, a\u00fan no han emitido un pronunciamiento sobre el destino de Luque en el pa\u00eds.<\/p>\n","protected":false},"excerpt":{"rendered":"<p>Buenos Aires.- Luego de ser detenido en una calle de Palermo, uno de los barrios m\u00e1s exclusivos de Buenos Aires, Argentina, Hern\u00e1n Luque ser\u00e1 repatriado a Ecuador, seg\u00fan lo ha dado a conocer la Ministra de Seguridad argentina, Patricia Bullrich. Luque es uno de los 8 implicados en el caso Encuentro o \u00abLe\u00f3n de Troya\u00bb\u00a0 [&hellip;]<\/p>\n","protected":false},"author":3,"featured_media":10857,"comment_status":"open","ping_status":"closed","sticky":false,"template":"","format":"standard","meta":{"_jetpack_memberships_contains_paid_content":false,"footnotes":""},"categories":[13],"tags":[1850],"class_list":["post-10856","post","type-post","status-publish","format-standard","has-post-thumbnail","hentry","category-noticias-nacionales","tag-patricia-bullrich"],"jetpack_featured_media_url":"https:\/\/radiocresatelital.com\/wp-content\/uploads\/2024\/02\/hernan-luque.jpg","jetpack_sharing_enabled":true,"_links":{"self":[{"href":"https:\/\/radiocresatelital.com\/index.php?rest_route=\/wp\/v2\/posts\/10856","targetHints":{"allow":["GET"]}}],"collection":[{"href":"https:\/\/radiocresatelital.com\/index.php?rest_route=\/wp\/v2\/posts"}],"about":[{"href":"https:\/\/radiocresatelital.com\/index.php?rest_route=\/wp\/v2\/types\/post"}],"author":[{"embeddable":true,"href":"https:\/\/radiocresatelital.com\/index.php?rest_route=\/wp\/v2\/users\/3"}],"replies":[{"embeddable":true,"href":"https:\/\/radiocresatelital.com\/index.php?rest_route=%2Fwp%2Fv2%2Fcomments&post=10856"}],"version-history":[{"count":2,"href":"https:\/\/radiocresatelital.com\/index.php?rest_route=\/wp\/v2\/posts\/10856\/revisions"}],"predecessor-version":[{"id":10869,"href":"https:\/\/radiocresatelital.com\/index.php?rest_route=\/wp\/v2\/posts\/10856\/revisions\/10869"}],"wp:featuredmedia":[{"embeddable":true,"href":"https:\/\/radiocresatelital.com\/index.php?rest_route=\/wp\/v2\/media\/10857"}],"wp:attachment":[{"href":"https:\/\/radiocresatelital.com\/index.php?rest_route=%2Fwp%2Fv2%2Fmedia&parent=10856"}],"wp:term":[{"taxonomy":"category","embeddable":true,"href":"https:\/\/radiocresatelital.com\/index.php?rest_route=%2Fwp%2Fv2%2Fcategories&post=10856"},{"taxonomy":"post_tag","embeddable":true,"href":"https:\/\/radiocresatelital.com\/index.php?rest_route=%2Fwp%2Fv2%2Ftags&post=10856"}],"curies":[{"name":"wp","href":"https:\/\/api.w.org\/{rel}","templated":true}]}}