{"id":10822,"date":"2024-02-08T22:05:03","date_gmt":"2024-02-08T22:05:03","guid":{"rendered":"https:\/\/radiocresatelital.com\/?p=10822"},"modified":"2024-02-08T22:05:03","modified_gmt":"2024-02-08T22:05:03","slug":"presidente-daniel-noboa-dialogo-con-alcaldes-de-las-islas-galapagos","status":"publish","type":"post","link":"https:\/\/radiocresatelital.com\/?p=10822","title":{"rendered":"Presidente Daniel Noboa dialog\u00f3 con Alcaldes de las Islas Gal\u00e1pagos"},"content":{"rendered":"<p>Santa Cruz, Gal\u00e1pagos.- Autoridades locales de las islas Gal\u00e1pagos dialogaron esta tarde, 8 de febrero de 2024, con el presidente de la Rep\u00fablica, Daniel Noboa.<\/p>\n<p>Durante el encuentro, abordaron algunas de las principales preocupaciones de la poblaci\u00f3n de las islas y revisaron posibles soluciones conjuntas para fortalecer el desarrollo econ\u00f3mico y social de la provincia.<\/p>\n<p>Los alcaldes de los cantones insulares detallaron ante el presidente las necesidades de su territorio. Por ejemplo, la alcaldesa de Santa Cruz, Fanny Uribe, inform\u00f3 al Mandatario sobre el d\u00e9ficit habitacional que existe en esta poblaci\u00f3n. Ante esto, Daniel Noboa expres\u00f3 su compromiso de delinear soluciones inmediatas.<\/p>\n<p>Tambi\u00e9n se hablaron de obras indispensables para garantizar servicios p\u00fablicos, como agua potable; o la construcci\u00f3n del nuevo hospital, entre otros temas de importancia.<\/p>\n<p>Uribe agradeci\u00f3 la apertura presidencial para priorizar la atenci\u00f3n a las demandas de los galapaguenses. En se\u00f1al de reconocimiento a esta voluntad de aunar esfuerzos para el bienestar de este sector, otorg\u00f3 las llaves de Santa Cruz al Primer<br \/>\nMandatario.<\/p>\n<p>Esta actividad se efect\u00fao en el marco de la visita del presidente al archipi\u00e9lago con motivo de la XII Conferencia Iberoamericana Ministerial de Medio Ambiente y Cambio Clim\u00e1tico.<\/p>\n","protected":false},"excerpt":{"rendered":"<p>Santa Cruz, Gal\u00e1pagos.- Autoridades locales de las islas Gal\u00e1pagos dialogaron esta tarde, 8 de febrero de 2024, con el presidente de la Rep\u00fablica, Daniel Noboa. Durante el encuentro, abordaron algunas de las principales preocupaciones de la poblaci\u00f3n de las islas y revisaron posibles soluciones conjuntas para fortalecer el desarrollo econ\u00f3mico y social de la provincia. [&hellip;]<\/p>\n","protected":false},"author":2,"featured_media":10823,"comment_status":"open","ping_status":"closed","sticky":false,"template":"","format":"standard","meta":{"_jetpack_memberships_contains_paid_content":false,"footnotes":""},"categories":[13],"tags":[153,1322],"class_list":["post-10822","post","type-post","status-publish","format-standard","has-post-thumbnail","hentry","category-noticias-nacionales","tag-islas-galapagos","tag-presidente-daniel-noboa"],"jetpack_featured_media_url":"https:\/\/radiocresatelital.com\/wp-content\/uploads\/2024\/02\/53517521568_58bebbe97f_c.jpg","jetpack_sharing_enabled":true,"_links":{"self":[{"href":"https:\/\/radiocresatelital.com\/index.php?rest_route=\/wp\/v2\/posts\/10822","targetHints":{"allow":["GET"]}}],"collection":[{"href":"https:\/\/radiocresatelital.com\/index.php?rest_route=\/wp\/v2\/posts"}],"about":[{"href":"https:\/\/radiocresatelital.com\/index.php?rest_route=\/wp\/v2\/types\/post"}],"author":[{"embeddable":true,"href":"https:\/\/radiocresatelital.com\/index.php?rest_route=\/wp\/v2\/users\/2"}],"replies":[{"embeddable":true,"href":"https:\/\/radiocresatelital.com\/index.php?rest_route=%2Fwp%2Fv2%2Fcomments&post=10822"}],"version-history":[{"count":1,"href":"https:\/\/radiocresatelital.com\/index.php?rest_route=\/wp\/v2\/posts\/10822\/revisions"}],"predecessor-version":[{"id":10824,"href":"https:\/\/radiocresatelital.com\/index.php?rest_route=\/wp\/v2\/posts\/10822\/revisions\/10824"}],"wp:featuredmedia":[{"embeddable":true,"href":"https:\/\/radiocresatelital.com\/index.php?rest_route=\/wp\/v2\/media\/10823"}],"wp:attachment":[{"href":"https:\/\/radiocresatelital.com\/index.php?rest_route=%2Fwp%2Fv2%2Fmedia&parent=10822"}],"wp:term":[{"taxonomy":"category","embeddable":true,"href":"https:\/\/radiocresatelital.com\/index.php?rest_route=%2Fwp%2Fv2%2Fcategories&post=10822"},{"taxonomy":"post_tag","embeddable":true,"href":"https:\/\/radiocresatelital.com\/index.php?rest_route=%2Fwp%2Fv2%2Ftags&post=10822"}],"curies":[{"name":"wp","href":"https:\/\/api.w.org\/{rel}","templated":true}]}}