{"id":10810,"date":"2024-02-08T21:24:30","date_gmt":"2024-02-08T21:24:30","guid":{"rendered":"https:\/\/radiocresatelital.com\/?p=10810"},"modified":"2024-02-08T21:24:30","modified_gmt":"2024-02-08T21:24:30","slug":"ecuador-es-el-escenario-de-la-xii-conferencia-iberoamericana-ministerial-del-medio-ambiente-y-cambio-climatico","status":"publish","type":"post","link":"https:\/\/radiocresatelital.com\/?p=10810","title":{"rendered":"Ecuador es el escenario de la XII conferencia iberoamericana ministerial del medio ambiente y cambio clim\u00e1tico"},"content":{"rendered":"<p>Santa Cruz, Gal\u00e1pagos.- El Presidente de la Rep\u00fablica, Daniel Noboa Azin, inaugur\u00f3 la XII Conferencia Iberoamericana Ministerial de Medio Ambiente y Cambio Clim\u00e1tico. Este importante encuentro reuni\u00f3 a representantes diplom\u00e1ticos y delegaciones de la comunidad iberoamericana en las instalaciones de la Fundaci\u00f3n Charles Darwin de las islas Gal\u00e1pagos. Las conversaciones durante la jornada incluyen temas de conservaci\u00f3n, protecci\u00f3n y uso sostenible del oc\u00e9ano; contaminaci\u00f3n y residuos s\u00f3lidos; glaciares e incremento del nivel del mar y mecanismos financieros innovadores para la conservaci\u00f3n.<\/p>\n<p>\u201cEn este encuentro se reafirma el compromiso de los pa\u00edses iberoamericanos con la conservaci\u00f3n del medio ambiente\u201d, se\u00f1al\u00f3 la ministra de Ambiente, Sade Fritsch. Adem\u00e1s, esta conferencia es la primera reuni\u00f3n que desarrolla la Secretar\u00eda Pro T\u00e9mpore (SPT) camino a la XXIX Cumbre Iberoamericana, que en esta edici\u00f3n est\u00e1 a cargo de Ecuador y se desarrollar\u00e1<br \/>\nel pr\u00f3ximo noviembre en Cuenca.<\/p>\n<p>Iberoam\u00e9rica es un tesoro de la naturaleza. Alberga la mitad de todas las especies de plantas y animales del planeta y es el hogar del 25 % de los bosques tropicales del mundo, que son vitales para el equilibrio del clima global. Durante su discurso, el presidente Noboa enfatiz\u00f3 en la necesidad de que los pa\u00edses que conforman la regi\u00f3n asuman compromisos ambientales con responsabilidad, pues \u201cel deterioro ambiental, adem\u00e1s de reducir el acceso a recursos b\u00e1sicos como el agua potable, afecta la salud y genera pobreza, sobre todo en pa\u00edses que se encuentran en v\u00edas de desarrollo\u201d.<\/p>\n<p>Ante ello, el Jefe de Estado ecuatoriano insisti\u00f3 en que la conservaci\u00f3n ambiental constituye una parte fundamental de la pol\u00edtica del Nuevo Ecuador, ya que representa un potencial para abordar los problemas sociales de ra\u00edz, proporcionando oportunidades, especialmente para los j\u00f3venes y las mujeres.<\/p>\n<p>Justamente, este encuentro considera los retos particulares que enfrentan los pa\u00edses iberoamericanos y las posibles consecuencias para el desarrollo sostenible de la regi\u00f3n, seg\u00fan inform\u00f3 la canciller Gabriela Sommerfeld. \u201cComo Ecuador esperamos que el debate de esta conferencia contribuya a fortalecer nuestra capacidad de acci\u00f3n, apoyo y articulaci\u00f3n en<br \/>\nrespuesta a los graves efectos ambientales en el planeta y en las sociedades\u201d, asever\u00f3.<\/p>\n<p>Juan Ignacio Siles, director de la Conferencia Iberoamericana en la Secretar\u00eda General Iberoamericana, quien sostuvo una reuni\u00f3n bilateral con el presidente Noboa despu\u00e9s de la inauguraci\u00f3n de la conferencia, calific\u00f3 al evento como una oportunidad para iniciar la discusi\u00f3n sobre acciones concretas que, como comunidad, deben ser adoptadas. Siles explic\u00f3 que las redes iberoamericanas medioambientales facilitan la consulta, coordinaci\u00f3n y generaci\u00f3n de consensos entre los gobiernos iberoamericanos.<\/p>\n<p>Adem\u00e1s de asuntos ambientales, durante el periodo de liderazgo de Ecuador en la SPT, se desarrollar\u00e1n reuniones ministeriales, foros y encuentros para potenciar la cooperaci\u00f3n y la concertaci\u00f3n pol\u00edtica entre los Estados miembros. El objetivo es impulsar proyectos integrales en materia de empleo juvenil, seguridad, combate a la delincuencia organizada transnacional, migraci\u00f3n, desarrollo sostenible, entre otros.<\/p>\n","protected":false},"excerpt":{"rendered":"<p>Santa Cruz, Gal\u00e1pagos.- El Presidente de la Rep\u00fablica, Daniel Noboa Azin, inaugur\u00f3 la XII Conferencia Iberoamericana Ministerial de Medio Ambiente y Cambio Clim\u00e1tico. Este importante encuentro reuni\u00f3 a representantes diplom\u00e1ticos y delegaciones de la comunidad iberoamericana en las instalaciones de la Fundaci\u00f3n Charles Darwin de las islas Gal\u00e1pagos. Las conversaciones durante la jornada incluyen temas [&hellip;]<\/p>\n","protected":false},"author":2,"featured_media":10811,"comment_status":"open","ping_status":"closed","sticky":false,"template":"","format":"standard","meta":{"_jetpack_memberships_contains_paid_content":false,"footnotes":""},"categories":[13],"tags":[1841,1839,1840,1322],"class_list":["post-10810","post","type-post","status-publish","format-standard","has-post-thumbnail","hentry","category-noticias-nacionales","tag-cambio-climatico","tag-conferencia-iberoamericana","tag-ministerial-de-medio-ambiente","tag-presidente-daniel-noboa"],"jetpack_featured_media_url":"https:\/\/radiocresatelital.com\/wp-content\/uploads\/2024\/02\/53517527360_56df2c6d7f_c.jpg","jetpack_sharing_enabled":true,"_links":{"self":[{"href":"https:\/\/radiocresatelital.com\/index.php?rest_route=\/wp\/v2\/posts\/10810","targetHints":{"allow":["GET"]}}],"collection":[{"href":"https:\/\/radiocresatelital.com\/index.php?rest_route=\/wp\/v2\/posts"}],"about":[{"href":"https:\/\/radiocresatelital.com\/index.php?rest_route=\/wp\/v2\/types\/post"}],"author":[{"embeddable":true,"href":"https:\/\/radiocresatelital.com\/index.php?rest_route=\/wp\/v2\/users\/2"}],"replies":[{"embeddable":true,"href":"https:\/\/radiocresatelital.com\/index.php?rest_route=%2Fwp%2Fv2%2Fcomments&post=10810"}],"version-history":[{"count":1,"href":"https:\/\/radiocresatelital.com\/index.php?rest_route=\/wp\/v2\/posts\/10810\/revisions"}],"predecessor-version":[{"id":10812,"href":"https:\/\/radiocresatelital.com\/index.php?rest_route=\/wp\/v2\/posts\/10810\/revisions\/10812"}],"wp:featuredmedia":[{"embeddable":true,"href":"https:\/\/radiocresatelital.com\/index.php?rest_route=\/wp\/v2\/media\/10811"}],"wp:attachment":[{"href":"https:\/\/radiocresatelital.com\/index.php?rest_route=%2Fwp%2Fv2%2Fmedia&parent=10810"}],"wp:term":[{"taxonomy":"category","embeddable":true,"href":"https:\/\/radiocresatelital.com\/index.php?rest_route=%2Fwp%2Fv2%2Fcategories&post=10810"},{"taxonomy":"post_tag","embeddable":true,"href":"https:\/\/radiocresatelital.com\/index.php?rest_route=%2Fwp%2Fv2%2Ftags&post=10810"}],"curies":[{"name":"wp","href":"https:\/\/api.w.org\/{rel}","templated":true}]}}