{"id":10793,"date":"2024-02-08T17:38:27","date_gmt":"2024-02-08T17:38:27","guid":{"rendered":"https:\/\/radiocresatelital.com\/?p=10793"},"modified":"2024-02-08T17:38:27","modified_gmt":"2024-02-08T17:38:27","slug":"por-copa-davis-ecuador-visitara-a-hong-kong","status":"publish","type":"post","link":"https:\/\/radiocresatelital.com\/?p=10793","title":{"rendered":"Por Copa Davis Ecuador visitar\u00e1 a Hong Kong"},"content":{"rendered":"<p>Guayaquil.- Ecuador enfrentar\u00e1 a Hong Kong en condici\u00f3n de visitante por el Grupo Mundial II de Copa Davis, tras el sorteo que la Federaci\u00f3n Internacional de Tenis (ITF, por sus siglas en ingl\u00e9s) realiz\u00f3 esta ma\u00f1ana en Londres (Inglaterra).<\/p>\n<p>La serie se jugar\u00e1 del viernes 13 al s\u00e1bado 14 de septiembre o del s\u00e1bado 14 al domingo 15 de septiembre. Los pa\u00edses que hagan de locales podr\u00e1n elegir las fechas.<\/p>\n<p>Esta ser\u00e1 la primera ocasi\u00f3n en que se enfrenten Hong Kong ante Ecuador por Copa Davis, y es por eso que la local\u00eda tuvo que definirse por sorteo.<\/p>\n<p>Las naciones perdedoras de las eliminatorias del Grupo Mundial I y las naciones ganadoras de las eliminatorias del Grupo Mundial II competir\u00e1n en las eliminatorias del Grupo Mundial I de 2025.<\/p>\n<p>Por otro lado, las naciones perdedoras de las eliminatorias del Grupo Mundial II competir\u00e1n en las eliminatorias del Grupo Mundial II de 2025 junto con los equipos con mejor desempe\u00f1o en los eventos regionales del Grupo III de 2024.<\/p>\n<p>Letonia, M\u00e9xico, Nueva Zelanda y Pakist\u00e1n estan en el puesto 45 del ranking= en el \u00faltimo R\u00e1nking de Naciones de la Copa Davis. Se sorte\u00f3 para determinar su orden de siembra.<\/p>\n<p>La eliminatoria del Grupo Mundial II entre Ir\u00e1n y Estonia se llevar\u00e1 a cabo los d\u00edas 15 y 16 de marzo en Colombo, Sri Lanka. La naci\u00f3n perdedora competir\u00e1 en un evento regional del Grupo III a finales de este a\u00f1o.<\/p>\n<p>Sorteos completos del Grupo Mundial II<br \/>\nRumania (1) (c)* vs China, R.P.<br \/>\nHong Kong, China (c)* vs Ecuador (2)<br \/>\nUzbekist\u00e1n (3) (c)* vs ganador de Ir\u00e1n\/Estonia***<br \/>\nBulgaria (4) (c)* vs El Salvador<br \/>\nBarbados (c)* vs Pakist\u00e1n (5**)<br \/>\nTogo (c)* vs Letonia (6**)<br \/>\nGeorgia (c)* vs M\u00e9xico (7**)<br \/>\nNueva Zelanda (8*) (c) vs Luxemburgo<br \/>\nT\u00fanez (c) vs Irlanda (9)<br \/>\nL\u00edbano (10) (c)* vs Sud\u00e1frica<br \/>\nMarruecos (11) (c) vs M\u00f3naco<br \/>\nBolivia (c) vs Uruguay (12)<br \/>\n(#) = cabeza de serie; (c) = anfitriona elige sede; * = anfitriona se decide por sorteo<\/p>\n","protected":false},"excerpt":{"rendered":"<p>Guayaquil.- Ecuador enfrentar\u00e1 a Hong Kong en condici\u00f3n de visitante por el Grupo Mundial II de Copa Davis, tras el sorteo que la Federaci\u00f3n Internacional de Tenis (ITF, por sus siglas en ingl\u00e9s) realiz\u00f3 esta ma\u00f1ana en Londres (Inglaterra). La serie se jugar\u00e1 del viernes 13 al s\u00e1bado 14 de septiembre o del s\u00e1bado 14 [&hellip;]<\/p>\n","protected":false},"author":2,"featured_media":10794,"comment_status":"open","ping_status":"closed","sticky":false,"template":"","format":"standard","meta":{"_jetpack_memberships_contains_paid_content":false,"footnotes":""},"categories":[736,9,64],"tags":[695,418,1835],"class_list":["post-10793","post","type-post","status-publish","format-standard","has-post-thumbnail","hentry","category-copa-davis","category-deportes","category-tenis","tag-copa-davis","tag-ecuador","tag-hong-kong"],"jetpack_featured_media_url":"https:\/\/radiocresatelital.com\/wp-content\/uploads\/2024\/02\/054b9f13-e906-450c-a083-25b2b30cea4b.jpg","jetpack_sharing_enabled":true,"_links":{"self":[{"href":"https:\/\/radiocresatelital.com\/index.php?rest_route=\/wp\/v2\/posts\/10793","targetHints":{"allow":["GET"]}}],"collection":[{"href":"https:\/\/radiocresatelital.com\/index.php?rest_route=\/wp\/v2\/posts"}],"about":[{"href":"https:\/\/radiocresatelital.com\/index.php?rest_route=\/wp\/v2\/types\/post"}],"author":[{"embeddable":true,"href":"https:\/\/radiocresatelital.com\/index.php?rest_route=\/wp\/v2\/users\/2"}],"replies":[{"embeddable":true,"href":"https:\/\/radiocresatelital.com\/index.php?rest_route=%2Fwp%2Fv2%2Fcomments&post=10793"}],"version-history":[{"count":1,"href":"https:\/\/radiocresatelital.com\/index.php?rest_route=\/wp\/v2\/posts\/10793\/revisions"}],"predecessor-version":[{"id":10795,"href":"https:\/\/radiocresatelital.com\/index.php?rest_route=\/wp\/v2\/posts\/10793\/revisions\/10795"}],"wp:featuredmedia":[{"embeddable":true,"href":"https:\/\/radiocresatelital.com\/index.php?rest_route=\/wp\/v2\/media\/10794"}],"wp:attachment":[{"href":"https:\/\/radiocresatelital.com\/index.php?rest_route=%2Fwp%2Fv2%2Fmedia&parent=10793"}],"wp:term":[{"taxonomy":"category","embeddable":true,"href":"https:\/\/radiocresatelital.com\/index.php?rest_route=%2Fwp%2Fv2%2Fcategories&post=10793"},{"taxonomy":"post_tag","embeddable":true,"href":"https:\/\/radiocresatelital.com\/index.php?rest_route=%2Fwp%2Fv2%2Ftags&post=10793"}],"curies":[{"name":"wp","href":"https:\/\/api.w.org\/{rel}","templated":true}]}}