{"id":10783,"date":"2024-02-08T17:16:47","date_gmt":"2024-02-08T17:16:47","guid":{"rendered":"https:\/\/radiocresatelital.com\/?p=10783"},"modified":"2024-02-08T17:16:47","modified_gmt":"2024-02-08T17:16:47","slug":"saab-se-imponen-en-prueba-de-resistencia","status":"publish","type":"post","link":"https:\/\/radiocresatelital.com\/?p=10783","title":{"rendered":"Saab se imponen en prueba de resistencia"},"content":{"rendered":"<p>Guayaquil.- Una muestra de calidad al volante y resistencia f\u00edsica fue la que dio Santiago Saab en \u00a0la prueba 80 kil\u00f3metros Del Portal, primer.evento organizado por el Guayaquil Karting Club en la temporada 2024.<\/p>\n<p>Saab ocup\u00f3 el lugar m\u00e1s alto del podio en la categor\u00eda junior, mientras que la dupla integrada por Carlos Heredia y Denny Ortega fue la mejor en la divisi\u00f3n senior.<\/p>\n<p>Seg\u00fan lo estipulado en el reglamento, los deportistas m\u00e1s j\u00f3venes deb\u00edan cubrir solos todo el trayecto (ochenta vueltas al circuito), mientras que los de mayor experiencia deb\u00edan entregar la posta a un compa\u00f1ero, entre los giros 35 y 40.<\/p>\n<p>La virtud de Saab, uno de los m\u00e1s destacados del semillero del deporte tuerca en Guayaquil, \u00a0estuvo en resistir los constantes ataques de Josu\u00e9 Taylor y Nicol\u00e1s Peribonio; la falla mec\u00e1nica que sufri\u00f3 el monoplaza de este \u00faltimo facilit\u00f3 la labor de Saab.<\/p>\n<p>En la divisi\u00f3n senior, Carlos Heredia marc\u00f3 el ritmo en la primera parte de la prueba, logrando controlar la arremetida inicial de Juan Felipe Calder\u00f3n y Arnodl Illingworth, y luego de la d\u00e9cima vuelta comenz\u00f3 a sacar una notable diferencia, facilitando as\u00ed la labor de Denny Ortega, su compa\u00f1ero de f\u00f3rmula en esta ocasi\u00f3n.<\/p>\n<p>Ortega estuvo a la altura, y logr\u00f3 mantener la brecha con su seguidor, que a esas alturas era Rafael Peralta, compa\u00f1ero de Calder\u00f3n. Tal fue el \u00e9xito de la carrera, que el Guayaquil\u00a0Karting Club prepara una segunda edici\u00f3n para la \u00faltima semana de febrero, luego se anunciar\u00e1 el calendario del\u00a0torneo provincial 2024,<\/p>\n","protected":false},"excerpt":{"rendered":"<p>Guayaquil.- Una muestra de calidad al volante y resistencia f\u00edsica fue la que dio Santiago Saab en \u00a0la prueba 80 kil\u00f3metros Del Portal, primer.evento organizado por el Guayaquil Karting Club en la temporada 2024. Saab ocup\u00f3 el lugar m\u00e1s alto del podio en la categor\u00eda junior, mientras que la dupla integrada por Carlos Heredia y [&hellip;]<\/p>\n","protected":false},"author":2,"featured_media":10784,"comment_status":"open","ping_status":"closed","sticky":false,"template":"","format":"standard","meta":{"_jetpack_memberships_contains_paid_content":false,"footnotes":""},"categories":[9,658],"tags":[1831],"class_list":["post-10783","post","type-post","status-publish","format-standard","has-post-thumbnail","hentry","category-deportes","category-karting","tag-guayaquil-karting-club"],"jetpack_featured_media_url":"https:\/\/radiocresatelital.com\/wp-content\/uploads\/2024\/02\/df0ca0f8-102f-4762-954d-0d0ee08572e7.jpg","jetpack_sharing_enabled":true,"_links":{"self":[{"href":"https:\/\/radiocresatelital.com\/index.php?rest_route=\/wp\/v2\/posts\/10783","targetHints":{"allow":["GET"]}}],"collection":[{"href":"https:\/\/radiocresatelital.com\/index.php?rest_route=\/wp\/v2\/posts"}],"about":[{"href":"https:\/\/radiocresatelital.com\/index.php?rest_route=\/wp\/v2\/types\/post"}],"author":[{"embeddable":true,"href":"https:\/\/radiocresatelital.com\/index.php?rest_route=\/wp\/v2\/users\/2"}],"replies":[{"embeddable":true,"href":"https:\/\/radiocresatelital.com\/index.php?rest_route=%2Fwp%2Fv2%2Fcomments&post=10783"}],"version-history":[{"count":1,"href":"https:\/\/radiocresatelital.com\/index.php?rest_route=\/wp\/v2\/posts\/10783\/revisions"}],"predecessor-version":[{"id":10785,"href":"https:\/\/radiocresatelital.com\/index.php?rest_route=\/wp\/v2\/posts\/10783\/revisions\/10785"}],"wp:featuredmedia":[{"embeddable":true,"href":"https:\/\/radiocresatelital.com\/index.php?rest_route=\/wp\/v2\/media\/10784"}],"wp:attachment":[{"href":"https:\/\/radiocresatelital.com\/index.php?rest_route=%2Fwp%2Fv2%2Fmedia&parent=10783"}],"wp:term":[{"taxonomy":"category","embeddable":true,"href":"https:\/\/radiocresatelital.com\/index.php?rest_route=%2Fwp%2Fv2%2Fcategories&post=10783"},{"taxonomy":"post_tag","embeddable":true,"href":"https:\/\/radiocresatelital.com\/index.php?rest_route=%2Fwp%2Fv2%2Ftags&post=10783"}],"curies":[{"name":"wp","href":"https:\/\/api.w.org\/{rel}","templated":true}]}}