{"id":1077,"date":"2023-07-10T22:54:08","date_gmt":"2023-07-10T22:54:08","guid":{"rendered":"https:\/\/radiocresatelital.com\/?p=1077"},"modified":"2023-07-10T22:54:08","modified_gmt":"2023-07-10T22:54:08","slug":"se-mantiene-activa-la-vigilancia-epidemiologica-ante-casos-del-sindrome-de-guillain-barre-en-la-frontera-sur","status":"publish","type":"post","link":"https:\/\/radiocresatelital.com\/?p=1077","title":{"rendered":"Se mantiene activa la vigilancia epidemiol\u00f3gica ante casos del \u201cS\u00edndrome de Guillain Barr\u00e9\u201d en la Frontera Sur"},"content":{"rendered":"<p>Quito.- Ante la alerta epidemiol\u00f3gica levantada por el Ministerio de Salud del Per\u00fa, por el incremento inusual de casos de \u201cS\u00edndrome de Guillain Barr\u00e9\u201d en ese pa\u00eds, el Ministerio de Salud P\u00fablica del Ecuador informa que, con el objetivo de identificar casos, brindar atenci\u00f3n inmediata y conocer el posible origen de esta enfermedad mantiene activa la vigilancia epidemiol\u00f3gica.<\/p>\n<p>En Per\u00fa se han reportado 165 casos y 4 fallecidos en lo que va del a\u00f1o, la alerta se emite ante el aparecimiento de casos consecutivos a nivel nacional. La causa es desconocida, sin embargo, esta enfermedad se la ha relacionado con ingesta de alimentos que tengan la bacteria Campylobacter jejuni entre otros pat\u00f3genos gastrointestinales; esta enfermedad causa debilidad de miembros inferiores y superiores, que puede ser de leve a severa.<\/p>\n<p>Hasta el momento, en Ecuador se han confirmado 22 casos de enero a mayo del 2023, manteniendo la tendencia esperada seg\u00fan los reportes de a\u00f1os anteriores, sin registrarse casos en las \u00faltimas tres semanas.<\/p>\n<p>Esta cartera de Estado realiza las siguientes acciones, con focalizaci\u00f3n en la Zona Sur de frontera:<\/p>\n<p>1.- Difunde el Lineamiento de Diagn\u00f3stico y Tratamiento de \u201cS\u00edndrome de Guillain Barr\u00e9\u201d, para conocimiento del personal de salud.<\/p>\n<p>2.- Mantiene el abastecimiento de inmunoglobulinas y otros tratamientos como plasmaf\u00e9resis a nivel nacional y su disponibilidad para los establecimientos de la red del MSP.<\/p>\n<p>3.- Activa la vigilancia de Par\u00e1lisis Fl\u00e1cida Aguda (PFA) que se realiza a nivel nacional para<br \/>\nconservar la erradicaci\u00f3n de poliomielitis y que permite la detecci\u00f3n de posibles casos del \u201cS\u00edndrome de Guillain Barr\u00e9\u201d.<\/p>\n<p>4.- Fortalece la vacunaci\u00f3n contra la poliomielitis a nivel nacional.<\/p>\n<p>Se recomienda a la poblaci\u00f3n lavar todos los alimentos antes de consumir, lavarse las manos antes de preparar alimentos y despu\u00e9s de utilizar el ba\u00f1o; beber agua segura, y ante s\u00edntomas como debilidad u hormigueo en brazos y piernas acuda al centro de salud m\u00e1s cercano.<\/p>\n","protected":false},"excerpt":{"rendered":"<p>Quito.- Ante la alerta epidemiol\u00f3gica levantada por el Ministerio de Salud del Per\u00fa, por el incremento inusual de casos de \u201cS\u00edndrome de Guillain Barr\u00e9\u201d en ese pa\u00eds, el Ministerio de Salud P\u00fablica del Ecuador informa que, con el objetivo de identificar casos, brindar atenci\u00f3n inmediata y conocer el posible origen de esta enfermedad mantiene activa [&hellip;]<\/p>\n","protected":false},"author":2,"featured_media":1078,"comment_status":"open","ping_status":"closed","sticky":false,"template":"","format":"standard","meta":{"_jetpack_memberships_contains_paid_content":false,"footnotes":""},"categories":[13],"tags":[264],"class_list":["post-1077","post","type-post","status-publish","format-standard","has-post-thumbnail","hentry","category-noticias-nacionales","tag-sindrome-de-guillain-barre"],"jetpack_featured_media_url":"https:\/\/radiocresatelital.com\/wp-content\/uploads\/2023\/07\/sindrome-guillain-barre-e1594719676445.jpg","jetpack_sharing_enabled":true,"_links":{"self":[{"href":"https:\/\/radiocresatelital.com\/index.php?rest_route=\/wp\/v2\/posts\/1077","targetHints":{"allow":["GET"]}}],"collection":[{"href":"https:\/\/radiocresatelital.com\/index.php?rest_route=\/wp\/v2\/posts"}],"about":[{"href":"https:\/\/radiocresatelital.com\/index.php?rest_route=\/wp\/v2\/types\/post"}],"author":[{"embeddable":true,"href":"https:\/\/radiocresatelital.com\/index.php?rest_route=\/wp\/v2\/users\/2"}],"replies":[{"embeddable":true,"href":"https:\/\/radiocresatelital.com\/index.php?rest_route=%2Fwp%2Fv2%2Fcomments&post=1077"}],"version-history":[{"count":1,"href":"https:\/\/radiocresatelital.com\/index.php?rest_route=\/wp\/v2\/posts\/1077\/revisions"}],"predecessor-version":[{"id":1079,"href":"https:\/\/radiocresatelital.com\/index.php?rest_route=\/wp\/v2\/posts\/1077\/revisions\/1079"}],"wp:featuredmedia":[{"embeddable":true,"href":"https:\/\/radiocresatelital.com\/index.php?rest_route=\/wp\/v2\/media\/1078"}],"wp:attachment":[{"href":"https:\/\/radiocresatelital.com\/index.php?rest_route=%2Fwp%2Fv2%2Fmedia&parent=1077"}],"wp:term":[{"taxonomy":"category","embeddable":true,"href":"https:\/\/radiocresatelital.com\/index.php?rest_route=%2Fwp%2Fv2%2Fcategories&post=1077"},{"taxonomy":"post_tag","embeddable":true,"href":"https:\/\/radiocresatelital.com\/index.php?rest_route=%2Fwp%2Fv2%2Ftags&post=1077"}],"curies":[{"name":"wp","href":"https:\/\/api.w.org\/{rel}","templated":true}]}}