{"id":10764,"date":"2024-02-07T22:27:35","date_gmt":"2024-02-07T22:27:35","guid":{"rendered":"https:\/\/radiocresatelital.com\/?p=10764"},"modified":"2024-02-07T22:27:35","modified_gmt":"2024-02-07T22:27:35","slug":"ministerio-del-deporte-y-onu-mujeres-trabajan-en-la-creacion-de-agentes-de-cambio-para-identificar-y-prevenir-la-violencia-de-genero","status":"publish","type":"post","link":"https:\/\/radiocresatelital.com\/?p=10764","title":{"rendered":"Ministerio del Deporte y ONU Mujeres trabajan en la creaci\u00f3n de agentes de cambio para identificar y prevenir la violencia de g\u00e9nero"},"content":{"rendered":"<p>Quito.- El ministro del deporte, Andr\u00e9s Guschmer, se reuni\u00f3 con representantes de ONU Mujeres, organizaci\u00f3n de las Naciones Unidas dedicada a promover la igualdad de g\u00e9nero y acelerar el progreso que conllevara a mejorar las condiciones de vida de las mujeres en todos sus \u00e1mbitos.<\/p>\n<p>Ana Elena Badilla, representante residente en Ecuador de la ONU, aseguro que para su organismo \u201ces fundamental continuar con la cooperaci\u00f3n bilateral\u201d, considerando los buenos resultados de las iniciativas desarrolladas con esta Cartera de Estado, como el protocolo para enfrentar la violencia de g\u00e9nero en el deporte, presentado en marzo del 2023 y que conto adema s con el aporte del Ministerio de la Mujer y Derechos Humanos, el Consejo Nacional para la Igualdad de Discapacidades y el Consejo Nacional para la Igualdad de G\u00e9nero.<\/p>\n<p>El ministro Guschmer, coincidiendo con esta visi\u00f3n, comprometi\u00f3 todo el esfuerzo de la Cartera de Estado para profundizar y promover la aplicaci\u00f3n de este protocolo que establece los lineamientos para la prevenci\u00f3n, detecci\u00f3n, acompa\u00f1amiento, derivaci\u00f3n y seguimiento frente a la violencia de g\u00e9nero, y de esta manera poder contar con una intervenci\u00f3n que garantice la integridad f\u00ed sica y psicol\u00f3gica de las y los deportistas. Con \u00e9nfasis especial, ya que, en este a\u00f1o, el m\u00e1s importante del ciclo, se celebran los Juegos Ol\u00edmpicos y Paral\u00edmpicos Par\u00ed s 2024.<\/p>\n<p>Como Gobierno Nacional estamos comprometidos con una pol\u00edtica p\u00fablica de protecci\u00f3n integral de derechos que comprenda una articulaci\u00f3n interinstitucional oportuna para su cumplimiento.<\/p>\n","protected":false},"excerpt":{"rendered":"<p>Quito.- El ministro del deporte, Andr\u00e9s Guschmer, se reuni\u00f3 con representantes de ONU Mujeres, organizaci\u00f3n de las Naciones Unidas dedicada a promover la igualdad de g\u00e9nero y acelerar el progreso que conllevara a mejorar las condiciones de vida de las mujeres en todos sus \u00e1mbitos. Ana Elena Badilla, representante residente en Ecuador de la ONU, [&hellip;]<\/p>\n","protected":false},"author":2,"featured_media":10765,"comment_status":"open","ping_status":"closed","sticky":false,"template":"","format":"standard","meta":{"_jetpack_memberships_contains_paid_content":false,"footnotes":""},"categories":[9],"tags":[1210,1741],"class_list":["post-10764","post","type-post","status-publish","format-standard","has-post-thumbnail","hentry","category-deportes","tag-andres-guschmer","tag-minsiterio-del-deporte"],"jetpack_featured_media_url":"https:\/\/radiocresatelital.com\/wp-content\/uploads\/2024\/02\/53515291744_12ee25f827_c.jpg","jetpack_sharing_enabled":true,"_links":{"self":[{"href":"https:\/\/radiocresatelital.com\/index.php?rest_route=\/wp\/v2\/posts\/10764","targetHints":{"allow":["GET"]}}],"collection":[{"href":"https:\/\/radiocresatelital.com\/index.php?rest_route=\/wp\/v2\/posts"}],"about":[{"href":"https:\/\/radiocresatelital.com\/index.php?rest_route=\/wp\/v2\/types\/post"}],"author":[{"embeddable":true,"href":"https:\/\/radiocresatelital.com\/index.php?rest_route=\/wp\/v2\/users\/2"}],"replies":[{"embeddable":true,"href":"https:\/\/radiocresatelital.com\/index.php?rest_route=%2Fwp%2Fv2%2Fcomments&post=10764"}],"version-history":[{"count":1,"href":"https:\/\/radiocresatelital.com\/index.php?rest_route=\/wp\/v2\/posts\/10764\/revisions"}],"predecessor-version":[{"id":10766,"href":"https:\/\/radiocresatelital.com\/index.php?rest_route=\/wp\/v2\/posts\/10764\/revisions\/10766"}],"wp:featuredmedia":[{"embeddable":true,"href":"https:\/\/radiocresatelital.com\/index.php?rest_route=\/wp\/v2\/media\/10765"}],"wp:attachment":[{"href":"https:\/\/radiocresatelital.com\/index.php?rest_route=%2Fwp%2Fv2%2Fmedia&parent=10764"}],"wp:term":[{"taxonomy":"category","embeddable":true,"href":"https:\/\/radiocresatelital.com\/index.php?rest_route=%2Fwp%2Fv2%2Fcategories&post=10764"},{"taxonomy":"post_tag","embeddable":true,"href":"https:\/\/radiocresatelital.com\/index.php?rest_route=%2Fwp%2Fv2%2Ftags&post=10764"}],"curies":[{"name":"wp","href":"https:\/\/api.w.org\/{rel}","templated":true}]}}