{"id":1074,"date":"2023-07-10T22:16:30","date_gmt":"2023-07-10T22:16:30","guid":{"rendered":"https:\/\/radiocresatelital.com\/?p=1074"},"modified":"2023-07-10T22:16:30","modified_gmt":"2023-07-10T22:16:30","slug":"empresa-municipal-de-vivienda-organiza-el-concurso-tu-vivienda-guayaquilena","status":"publish","type":"post","link":"https:\/\/radiocresatelital.com\/?p=1074","title":{"rendered":"Empresa Municipal de Vivienda organiza el concurso \u201cTu vivienda Guayaquile\u00f1a\u201d"},"content":{"rendered":"<p>Guayaquil.- \u201cTu vivienda Guayaquile\u00f1a\u201d es el concurso que impulsa la Empresa P\u00fablica Municipal de Vivienda como parte de las Fiestas Julianas.<\/p>\n<p>Las familias podr\u00e1n concursar decorando la fachada de su vivienda con los elementos que identifican al guayaquile\u00f1o.<\/p>\n<p>A partir de este lunes 10 de julio de 2023 los interesados deber\u00e1n tomar una fotograf\u00eda de su vivienda decorada y enviarla a al correo electr\u00f3nico info@viviendagye.com, la cual ser\u00e1 publicada en la cuenta oficial de Instagram de la Empresa de Vivienda (@viviendagye).<\/p>\n<p>La fotograf\u00eda con m\u00e1s votos ser\u00e1 la ganadora. El cierre de participaci\u00f3n ser\u00e1 hasta las 12:00 del 28 de julio de 2023.<\/p>\n<p>La familia ganadora tendr\u00e1 la oportunidad de realizarse una sesi\u00f3n fotogr\u00e1fica en el ic\u00f3nico barrio Las Pe\u00f1as o en Puerto Santa Ana.<\/p>\n","protected":false},"excerpt":{"rendered":"<p>Guayaquil.- \u201cTu vivienda Guayaquile\u00f1a\u201d es el concurso que impulsa la Empresa P\u00fablica Municipal de Vivienda como parte de las Fiestas Julianas. Las familias podr\u00e1n concursar decorando la fachada de su vivienda con los elementos que identifican al guayaquile\u00f1o. A partir de este lunes 10 de julio de 2023 los interesados deber\u00e1n tomar una fotograf\u00eda de [&hellip;]<\/p>\n","protected":false},"author":2,"featured_media":1075,"comment_status":"open","ping_status":"closed","sticky":false,"template":"","format":"standard","meta":{"_jetpack_memberships_contains_paid_content":false,"footnotes":""},"categories":[33,13],"tags":[263],"class_list":["post-1074","post","type-post","status-publish","format-standard","has-post-thumbnail","hentry","category-guayaquil","category-noticias-nacionales","tag-tu-vivienda-guayaquilena"],"jetpack_featured_media_url":"https:\/\/radiocresatelital.com\/wp-content\/uploads\/2023\/07\/d67c4fe7-eb6c-4cea-9140-e4e81d85f94e.jpg","jetpack_sharing_enabled":true,"_links":{"self":[{"href":"https:\/\/radiocresatelital.com\/index.php?rest_route=\/wp\/v2\/posts\/1074","targetHints":{"allow":["GET"]}}],"collection":[{"href":"https:\/\/radiocresatelital.com\/index.php?rest_route=\/wp\/v2\/posts"}],"about":[{"href":"https:\/\/radiocresatelital.com\/index.php?rest_route=\/wp\/v2\/types\/post"}],"author":[{"embeddable":true,"href":"https:\/\/radiocresatelital.com\/index.php?rest_route=\/wp\/v2\/users\/2"}],"replies":[{"embeddable":true,"href":"https:\/\/radiocresatelital.com\/index.php?rest_route=%2Fwp%2Fv2%2Fcomments&post=1074"}],"version-history":[{"count":1,"href":"https:\/\/radiocresatelital.com\/index.php?rest_route=\/wp\/v2\/posts\/1074\/revisions"}],"predecessor-version":[{"id":1076,"href":"https:\/\/radiocresatelital.com\/index.php?rest_route=\/wp\/v2\/posts\/1074\/revisions\/1076"}],"wp:featuredmedia":[{"embeddable":true,"href":"https:\/\/radiocresatelital.com\/index.php?rest_route=\/wp\/v2\/media\/1075"}],"wp:attachment":[{"href":"https:\/\/radiocresatelital.com\/index.php?rest_route=%2Fwp%2Fv2%2Fmedia&parent=1074"}],"wp:term":[{"taxonomy":"category","embeddable":true,"href":"https:\/\/radiocresatelital.com\/index.php?rest_route=%2Fwp%2Fv2%2Fcategories&post=1074"},{"taxonomy":"post_tag","embeddable":true,"href":"https:\/\/radiocresatelital.com\/index.php?rest_route=%2Fwp%2Fv2%2Ftags&post=1074"}],"curies":[{"name":"wp","href":"https:\/\/api.w.org\/{rel}","templated":true}]}}