{"id":10665,"date":"2024-02-05T21:13:47","date_gmt":"2024-02-05T21:13:47","guid":{"rendered":"https:\/\/radiocresatelital.com\/?p=10665"},"modified":"2024-02-05T22:20:58","modified_gmt":"2024-02-05T22:20:58","slug":"krispy-kreme-llena-el-mundo-de-amor-por-san-valentin-con-su-propuesta-dilo-con-donas","status":"publish","type":"post","link":"https:\/\/radiocresatelital.com\/?p=10665","title":{"rendered":"KRISPY KREME\u00ae Llena el mundo de amor  por San Valent\u00edn con su propuesta: \u201cDilo con Donas\u201d"},"content":{"rendered":"<p class=\"x_MsoNormal\">Guayaquil.\u00a0\u2013 Durante todo febrero, Krispy Kreme estar\u00e1 llenando el mundo de amor ofreciendo a todos sus clientes\u00a0<span lang=\"ES-EC\">4 nuevas<\/span>\u00a0donas en forma de coraz\u00f3n<span lang=\"ES-EC\">,<\/span>\u00a0en cajas personalizables para poder\u00a0<span lang=\"ES-EC\">\u201c<\/span>Decirlo con Donas<span lang=\"ES-EC\">\u201d.<\/span><\/p>\n<p class=\"x_MsoNormal\">Desde hoy, los Krispy Lovers podr\u00e1n disfrutar y compartir la nueva colecci\u00f3n de San Valent\u00edn \u201cDilo con Donas\u201d de Krispy Kreme.<\/p>\n<p class=\"x_MsoNormal\">Sus tres presentaciones: docenas, medias docenas y tr\u00edos, son perfectas para compartir\u00a0<span lang=\"ES-EC\">el\u00a0<\/span>amor con la familia, amigos, compa\u00f1eros de trabajo, vecinos o cualquier persona especial.\u00a0\u00a0Los nuevos<span lang=\"ES-EC\">\u00a0y deliciosos<\/span>\u00a0sabores de donas\u00a0<span lang=\"ES-EC\">son<\/span>:<\/p>\n<ul type=\"disc\">\n<li class=\"x_MsoNormal\"><b>Coloreas mi Mundo:<\/b>\u00a0Dona en forma de coraz\u00f3n, con nuestro relleno de Frambuesa, \u00a1y cubierta de glaseado rojo y chispas de colores!<\/li>\n<li class=\"x_MsoNormal\"><b>Te Choco Amo:<\/b>\u00a0Dona en forma de coraz\u00f3n, rellena de KREMA\u00ae lim\u00f3n, ba\u00f1ada en chocolate y decorada con una rosa.<\/li>\n<li class=\"x_MsoNormal\"><b>Eres Fresa Coraz\u00f3n:<\/b>\u00a0Dona en forma de coraz\u00f3n, rellena de nuestra KREMA\u00ae blanca, con un ba\u00f1o de fresa y escarchada con az\u00facar.<\/li>\n<li class=\"x_MsoNormal\"><b>Sin ti me mOREO:<\/b>\u00a0Dona en forma de coraz\u00f3n, rellena de OREO Cookies \u2018n KREME\u00ae, ba\u00f1ada en chocolate y trozos de galleta OREO.<\/li>\n<\/ul>\n<p class=\"x_MsoNormal\">Las cajas de San Valent\u00edn incluyen un espacio para una poder escribir un mensaje al destinatario, as\u00ed como notas de los miembros del equipo de Krispy Kreme de todo el mundo, en distintos idiomas!<\/p>\n<p class=\"x_MsoNormal\">En Ecuador, hemos llevado esta iniciativa un paso m\u00e1s y hemos incluido mensajes de amor en braille y lenguaje de se\u00f1as\u2026 \u00a1Porque el amor es un lenguaje universal!<\/p>\n<p class=\"x_MsoNormal\">Esta campa\u00f1a marca un hito en la franquicia, y probablemente en el pa\u00eds, aportando a la inclusi\u00f3n, ya que el mensaje en Braille, dirigido a personas no videntes, lo pueden encontrar en las tres presentaciones de nuestras cajas.<\/p>\n<p class=\"x_MsoNormal\">Adem\u00e1s, estamos capacitando a nuestro personal para poder atender a Krispy Lovers con discapacidad auditiva, en Lenguaje de Se\u00f1as Ecuatoriano. Las capacitaciones iniciaron de la mano de la Asociaci\u00f3n Comunitaria de Sordos de Guayaquil (A.C.S.G.) y nuestra meta es que en todos nuestros locales contemos con Krispy Kremers (personas que trabajan en Krispy Kreme) que puedan comunicarse en lenguaje de se\u00f1as.<\/p>\n<p class=\"x_MsoNormal\">As\u00ed que invitamos a todos nuestros Krispy Lovers a mostrar c\u00f3mo llenan el mundo de amor con la nueva Colecci\u00f3n de San Valent\u00edn de Krispy Kreme\u00a0<span lang=\"ES-EC\">\u201c<\/span><b>Dilo con Donas\u201d<\/b>\u00a0usando #KrispyKreme y etiquetando a @krispykreme.ec en las redes sociales.<\/p>\n<p class=\"x_MsoNormal\">Te esperamos en nuestros 6 locales: Moderna Plaza, Village, San Marino, Urdesa, Mall del Norte y Aeropuerto.<\/p>\n<p class=\"x_MsoNormal\"><b>Foto 1.-<\/b>\u00a0Ma. Del Rosario Guti\u00e9rrez \u2013 La nena (presentadora del evento y vocera de Krispy Kreme) junto a Ronald Mu\u00f1oz (Presidente de la Asociaci\u00f3n Comunitaria de Sordos de Guayaquil) y Krispy Kremers (colaboradores de Krispy Kreme) durante el evento, aplaudiendo en lenguaje de se\u00f1as.<b><u>\u00a0<\/u><\/b><\/p>\n","protected":false},"excerpt":{"rendered":"<p>Guayaquil.\u00a0\u2013 Durante todo febrero, Krispy Kreme estar\u00e1 llenando el mundo de amor ofreciendo a todos sus clientes\u00a04 nuevas\u00a0donas en forma de coraz\u00f3n,\u00a0en cajas personalizables para poder\u00a0\u201cDecirlo con Donas\u201d. Desde hoy, los Krispy Lovers podr\u00e1n disfrutar y compartir la nueva colecci\u00f3n de San Valent\u00edn \u201cDilo con Donas\u201d de Krispy Kreme. Sus tres presentaciones: docenas, medias docenas [&hellip;]<\/p>\n","protected":false},"author":2,"featured_media":10666,"comment_status":"open","ping_status":"closed","sticky":false,"template":"","format":"standard","meta":{"_jetpack_memberships_contains_paid_content":false,"footnotes":""},"categories":[919],"tags":[1108],"class_list":["post-10665","post","type-post","status-publish","format-standard","has-post-thumbnail","hentry","category-gastronomia","tag-krispy-kreme"],"jetpack_featured_media_url":"https:\/\/radiocresatelital.com\/wp-content\/uploads\/2024\/02\/thumbnail_EL-AMOR-ES-EL-LENGUAJE-ES-UNIVERSAL.jpg","jetpack_sharing_enabled":true,"_links":{"self":[{"href":"https:\/\/radiocresatelital.com\/index.php?rest_route=\/wp\/v2\/posts\/10665","targetHints":{"allow":["GET"]}}],"collection":[{"href":"https:\/\/radiocresatelital.com\/index.php?rest_route=\/wp\/v2\/posts"}],"about":[{"href":"https:\/\/radiocresatelital.com\/index.php?rest_route=\/wp\/v2\/types\/post"}],"author":[{"embeddable":true,"href":"https:\/\/radiocresatelital.com\/index.php?rest_route=\/wp\/v2\/users\/2"}],"replies":[{"embeddable":true,"href":"https:\/\/radiocresatelital.com\/index.php?rest_route=%2Fwp%2Fv2%2Fcomments&post=10665"}],"version-history":[{"count":1,"href":"https:\/\/radiocresatelital.com\/index.php?rest_route=\/wp\/v2\/posts\/10665\/revisions"}],"predecessor-version":[{"id":10667,"href":"https:\/\/radiocresatelital.com\/index.php?rest_route=\/wp\/v2\/posts\/10665\/revisions\/10667"}],"wp:featuredmedia":[{"embeddable":true,"href":"https:\/\/radiocresatelital.com\/index.php?rest_route=\/wp\/v2\/media\/10666"}],"wp:attachment":[{"href":"https:\/\/radiocresatelital.com\/index.php?rest_route=%2Fwp%2Fv2%2Fmedia&parent=10665"}],"wp:term":[{"taxonomy":"category","embeddable":true,"href":"https:\/\/radiocresatelital.com\/index.php?rest_route=%2Fwp%2Fv2%2Fcategories&post=10665"},{"taxonomy":"post_tag","embeddable":true,"href":"https:\/\/radiocresatelital.com\/index.php?rest_route=%2Fwp%2Fv2%2Ftags&post=10665"}],"curies":[{"name":"wp","href":"https:\/\/api.w.org\/{rel}","templated":true}]}}