{"id":10610,"date":"2024-02-03T16:35:08","date_gmt":"2024-02-03T16:35:08","guid":{"rendered":"https:\/\/radiocresatelital.com\/?p=10610"},"modified":"2024-02-03T16:35:08","modified_gmt":"2024-02-03T16:35:08","slug":"hospital-guayaquil-del-msp-conmemoro-el-dia-mundial-del-cancer","status":"publish","type":"post","link":"https:\/\/radiocresatelital.com\/?p=10610","title":{"rendered":"Hospital Guayaquil del MSP conmemor\u00f3 el D\u00eda Mundial del C\u00e1ncer"},"content":{"rendered":"<p>Guayaquil.- El Hospital de Especialidades Guayaquil Dr. Abel Gilbert Pont\u00f3n de Guayaquil recibi\u00f3 la visita de Franklin Encalada, ministro de Salud P\u00fablica, por motivo de la conmemoraci\u00f3n del D\u00eda Mundial del C\u00e1ncer que se celebra cada 4 de febrero.<\/p>\n<p>El ministro Encalada particip\u00f3 en el evento y pudo evidenciar la labor realizada por el \u00e1rea de oncolog\u00eda. A su vez visit\u00f3 los stands de informaci\u00f3n de los servicios de nutrici\u00f3n, psicolog\u00eda y oncolog\u00eda quienes interactuaron con la ciudadan\u00eda presente.<\/p>\n<p>\u201cEstoy agradecida con el Ministerio de Salud P\u00fablica, con el Hospital Guayaquil y su personal m\u00e9dico, por haberme ayudado a vencer el c\u00e1ncer; y a las personas que est\u00e1n padeciendo esta enfermedad, les puedo decir que no pierdan las esperanzas, de la mano de Dios y con los cuidados de este personal maravilloso, pueden superar esta situaci\u00f3n\u201d, indic\u00f3 Jessica E. paciente de oncolog\u00eda.<\/p>\n<p>Adem\u00e1s de los testimonios, se realiz\u00f3 el toque de campana de una las pacientes como s\u00edmbolo de remisi\u00f3n de la enfermedad y la lucha constante del paciente, familiares y personal m\u00e9dico.<\/p>\n<p>\u201cDebemos reflexionar sobre el impacto de esta enfermedad, los tipos de c\u00e1ncer m\u00e1s comunes son en el hombre, el de pr\u00f3stata y en la mujer, el c\u00e1ncer de mama. Por esta raz\u00f3n estamos realizando controles, el Ministerio de Salud P\u00fablica se compromete con el bienestar de su poblaci\u00f3n\u201d, dijo Franklin Encalada, ministro de Salud.<\/p>\n<p>El Hospital de Especialidades Guayaquil y el Ministerio de Salud P\u00fablica contin\u00faan comprometidos con la salud de sus usuarios, promoviendo la prevenci\u00f3n del c\u00e1ncer mediante la detecci\u00f3n precoz y el tratamiento oportuno.<\/p>\n","protected":false},"excerpt":{"rendered":"<p>Guayaquil.- El Hospital de Especialidades Guayaquil Dr. Abel Gilbert Pont\u00f3n de Guayaquil recibi\u00f3 la visita de Franklin Encalada, ministro de Salud P\u00fablica, por motivo de la conmemoraci\u00f3n del D\u00eda Mundial del C\u00e1ncer que se celebra cada 4 de febrero. El ministro Encalada particip\u00f3 en el evento y pudo evidenciar la labor realizada por el \u00e1rea [&hellip;]<\/p>\n","protected":false},"author":2,"featured_media":10611,"comment_status":"open","ping_status":"closed","sticky":false,"template":"","format":"standard","meta":{"_jetpack_memberships_contains_paid_content":false,"footnotes":""},"categories":[13],"tags":[1801],"class_list":["post-10610","post","type-post","status-publish","format-standard","has-post-thumbnail","hentry","category-noticias-nacionales","tag-hospital-de-especialidades-guayaquil"],"jetpack_featured_media_url":"https:\/\/radiocresatelital.com\/wp-content\/uploads\/2024\/02\/blog_secundario_CANCER.jpg","jetpack_sharing_enabled":true,"_links":{"self":[{"href":"https:\/\/radiocresatelital.com\/index.php?rest_route=\/wp\/v2\/posts\/10610","targetHints":{"allow":["GET"]}}],"collection":[{"href":"https:\/\/radiocresatelital.com\/index.php?rest_route=\/wp\/v2\/posts"}],"about":[{"href":"https:\/\/radiocresatelital.com\/index.php?rest_route=\/wp\/v2\/types\/post"}],"author":[{"embeddable":true,"href":"https:\/\/radiocresatelital.com\/index.php?rest_route=\/wp\/v2\/users\/2"}],"replies":[{"embeddable":true,"href":"https:\/\/radiocresatelital.com\/index.php?rest_route=%2Fwp%2Fv2%2Fcomments&post=10610"}],"version-history":[{"count":2,"href":"https:\/\/radiocresatelital.com\/index.php?rest_route=\/wp\/v2\/posts\/10610\/revisions"}],"predecessor-version":[{"id":10613,"href":"https:\/\/radiocresatelital.com\/index.php?rest_route=\/wp\/v2\/posts\/10610\/revisions\/10613"}],"wp:featuredmedia":[{"embeddable":true,"href":"https:\/\/radiocresatelital.com\/index.php?rest_route=\/wp\/v2\/media\/10611"}],"wp:attachment":[{"href":"https:\/\/radiocresatelital.com\/index.php?rest_route=%2Fwp%2Fv2%2Fmedia&parent=10610"}],"wp:term":[{"taxonomy":"category","embeddable":true,"href":"https:\/\/radiocresatelital.com\/index.php?rest_route=%2Fwp%2Fv2%2Fcategories&post=10610"},{"taxonomy":"post_tag","embeddable":true,"href":"https:\/\/radiocresatelital.com\/index.php?rest_route=%2Fwp%2Fv2%2Ftags&post=10610"}],"curies":[{"name":"wp","href":"https:\/\/api.w.org\/{rel}","templated":true}]}}