{"id":10585,"date":"2024-02-02T21:01:20","date_gmt":"2024-02-02T21:01:20","guid":{"rendered":"https:\/\/radiocresatelital.com\/?p=10585"},"modified":"2024-02-02T21:02:09","modified_gmt":"2024-02-02T21:02:09","slug":"operativo-conjunto-retira-estructuras-y-clausura-11-locales-en-los-exteriores-de-la-penitenciaria-del-litoral","status":"publish","type":"post","link":"https:\/\/radiocresatelital.com\/?p=10585","title":{"rendered":"Operativo conjunto retira estructuras y clausura 11 locales en los exteriores de la Penitenciar\u00eda del Litoral"},"content":{"rendered":"<p>Guayaquil.- En una acci\u00f3n coordinada entre el Municipio de Guayaquil, a trav\u00e9s de las direcciones de Justicia y Vigilancia; Obras P\u00fablicas; Aseo Cantonal, Mercados y Servicios Especiales (DACMSE); Urvaseo y SEGURA EP, con la Polic\u00eda Nacional y Fuerzas Armadas (FF.AA.) en los exteriores de la Penitencia del Litoral, se recuper\u00f3 el espacio p\u00fablico y se clausuraron locales que presuntamente se dedicaban a actividades il\u00edcitas.<\/p>\n<p>Personal municipal retir\u00f3 a comerciantes informales, desarmaron estructuras met\u00e1licas, quioscos y clausuraron tiendas que<br \/>\nfuncionaban, seg\u00fan informaci\u00f3n de las autoridades policiales, como centros de acopio de sustancias sujetas a fiscalizaci\u00f3n.<\/p>\n<p>Adem\u00e1s, estos locales no contaban con la tasa de habilitaci\u00f3n y los requisitos correspondientes para su funcionamiento.<\/p>\n<p>Con volquetas, motosierras y palas, los funcionarios desbarataron las estructuras que ocupaban la v\u00eda p\u00fablica del sector. Los<br \/>\nescombros fueron colocados en veh\u00edculos de Urvaseo.<\/p>\n<p>El director de Justicia y Vigilancia, Shuber Urgil\u00e9s, particip\u00f3 en el operativo. \u201cHemos recibido alerta de la Polic\u00eda Nacional de que todos estos sitios son nidos de delincuencia y se usan para almacenar todo tipo de sustancias y al ser ocupaciones ilegales en la v\u00eda p\u00fablica, estamos procediendo en conjunto para recuperar estos espacios\u201d.<\/p>\n<p>En total, se intervino en un \u00e1rea de 200 metros en el kil\u00f3metro 16 de la V\u00eda a Daule. Al menos 11 locales fueron clausurados por el Municipio de Guayaquil.<\/p>\n<p>Edison Rodr\u00edguez, jefe del Distrito Pascuales de la Polic\u00eda Nacional, declar\u00f3 que \u201cnos hemos trasladado con las autoridades al fin de recuperar los espacios que hab\u00edan sido alterados y que aparentemente serv\u00edan como lugares donde se realizaban<br \/>\nreuniones a fin de poder alterar la seguridad o influenciar al interior del centro carcelario\u201d.<\/p>\n<p>Moradores del sector respaldaron la acci\u00f3n de control. El comerciante Luis Vill\u00f3n dijo que \u201clo veo bien porque a veces hay<br \/>\npersonas que vienen de otro lado a vender y por culpa de ellos pagamos nosotros. Esto que est\u00e1n haciendo ahora quisiera que lo realicen de manera constante\u201d.<\/p>\n","protected":false},"excerpt":{"rendered":"<p>Guayaquil.- En una acci\u00f3n coordinada entre el Municipio de Guayaquil, a trav\u00e9s de las direcciones de Justicia y Vigilancia; Obras P\u00fablicas; Aseo Cantonal, Mercados y Servicios Especiales (DACMSE); Urvaseo y SEGURA EP, con la Polic\u00eda Nacional y Fuerzas Armadas (FF.AA.) en los exteriores de la Penitencia del Litoral, se recuper\u00f3 el espacio p\u00fablico y se [&hellip;]<\/p>\n","protected":false},"author":2,"featured_media":10586,"comment_status":"open","ping_status":"closed","sticky":false,"template":"","format":"standard","meta":{"_jetpack_memberships_contains_paid_content":false,"footnotes":""},"categories":[33,13],"tags":[114],"class_list":["post-10585","post","type-post","status-publish","format-standard","has-post-thumbnail","hentry","category-guayaquil","category-noticias-nacionales","tag-municipio-de-guayaquil"],"jetpack_featured_media_url":"https:\/\/radiocresatelital.com\/wp-content\/uploads\/2024\/02\/65bd1791d79ef.jpeg","jetpack_sharing_enabled":true,"_links":{"self":[{"href":"https:\/\/radiocresatelital.com\/index.php?rest_route=\/wp\/v2\/posts\/10585","targetHints":{"allow":["GET"]}}],"collection":[{"href":"https:\/\/radiocresatelital.com\/index.php?rest_route=\/wp\/v2\/posts"}],"about":[{"href":"https:\/\/radiocresatelital.com\/index.php?rest_route=\/wp\/v2\/types\/post"}],"author":[{"embeddable":true,"href":"https:\/\/radiocresatelital.com\/index.php?rest_route=\/wp\/v2\/users\/2"}],"replies":[{"embeddable":true,"href":"https:\/\/radiocresatelital.com\/index.php?rest_route=%2Fwp%2Fv2%2Fcomments&post=10585"}],"version-history":[{"count":1,"href":"https:\/\/radiocresatelital.com\/index.php?rest_route=\/wp\/v2\/posts\/10585\/revisions"}],"predecessor-version":[{"id":10587,"href":"https:\/\/radiocresatelital.com\/index.php?rest_route=\/wp\/v2\/posts\/10585\/revisions\/10587"}],"wp:featuredmedia":[{"embeddable":true,"href":"https:\/\/radiocresatelital.com\/index.php?rest_route=\/wp\/v2\/media\/10586"}],"wp:attachment":[{"href":"https:\/\/radiocresatelital.com\/index.php?rest_route=%2Fwp%2Fv2%2Fmedia&parent=10585"}],"wp:term":[{"taxonomy":"category","embeddable":true,"href":"https:\/\/radiocresatelital.com\/index.php?rest_route=%2Fwp%2Fv2%2Fcategories&post=10585"},{"taxonomy":"post_tag","embeddable":true,"href":"https:\/\/radiocresatelital.com\/index.php?rest_route=%2Fwp%2Fv2%2Ftags&post=10585"}],"curies":[{"name":"wp","href":"https:\/\/api.w.org\/{rel}","templated":true}]}}