{"id":10551,"date":"2024-02-01T22:53:49","date_gmt":"2024-02-01T22:53:49","guid":{"rendered":"https:\/\/radiocresatelital.com\/?p=10551"},"modified":"2024-02-01T22:53:49","modified_gmt":"2024-02-01T22:53:49","slug":"llego-el-momento-de-dar-este-paso-y-estoy-emocionado-de-asumir-un-nuevo-desafio-lewis-hamilton","status":"publish","type":"post","link":"https:\/\/radiocresatelital.com\/?p=10551","title":{"rendered":"Lleg\u00f3 el momento de dar este paso y estoy emocionado de asumir un nuevo desaf\u00edo, Lewis Hamilton"},"content":{"rendered":"<p>Londres.- Ferrari lanz\u00f3 una importante noticia que es la llegada del s\u00e9ptuple campe\u00f3n mundial ingl\u00e9s Lewis Hamilton a partir del 2025 para la m\u00e1xima categor\u00eda del automovilismo internacional.<\/p>\n<p>La casa de Maranello, que este jueves registr\u00f3 un valor r\u00e9cord de sus acciones, emiti\u00f3 un comunicado para informar que Hamilton se sumar\u00e1 tras firmar \u00abun contrato por varios a\u00f1os\u00bb.<\/p>\n<p>\u00abLleg\u00f3 el momento de dar este paso y estoy emocionado de asumir un nuevo desaf\u00edo\u00bb, escribi\u00f3 Hamilton en un comunicado publicado por la escuder\u00eda alemana Mercedes, con la que competir\u00e1 hasta el final de la temporada 2024 de la F1.<\/p>\n<p>\u00abPas\u00e9 11 a\u00f1os maravillosos con este equipo y estoy muy orgulloso de lo que hemos logrado juntos. La decisi\u00f3n de irme fue una de las m\u00e1s dif\u00edciles que he tenido que tomar. Quiero terminar fuertes juntos y quiero que sea inolvidable\u00bb, complet\u00f3 Hamilton.<\/p>\n<p>El piloto ingl\u00e9s de 39 a\u00f1os arrib\u00f3 en 2007 a la escuder\u00eda alemana, con la que se coron\u00f3 campe\u00f3n de la F1 en 2008, 2014, 2015, 2017, 2018, 2019 y 2020 para igualar el r\u00e9cord de siete t\u00edtulos del alem\u00e1n Michael Schumacher, que se coron\u00f3 en cinco ocasiones justamente con Ferrari.<\/p>\n<p>Los dichos de Hamilton se conocieron luego que Mercedes publicara un comunicado en el que anunciaba la partida del piloto ingl\u00e9s al final de la temporada 2024 de la F1, que comenzar\u00e1 el 5 de marzo con el Gran Premio de Bahrein.<\/p>\n<p>Mercedes explic\u00f3 que Hamilton activ\u00f3 la cl\u00e1usula para liberarse del contrato renovado hasta 2025.<\/p>\n<p>\u00abEl equipo Mercedes y Lewis Hamilton se separar\u00e1n al final de la temporada 2024. Lewis activ\u00f3 una opci\u00f3n de liberaci\u00f3n en el contrato anunciado el pasado agosto y esta temporada ser\u00e1, por lo tanto, su \u00faltimo viaje con las Flechas de Plata\u00bb, se lee en el comunicado de la escuder\u00eda alemana.<\/p>\n<p>\u00abLa noticia pone fin a lo que actualmente es una relaci\u00f3n de 17 a\u00f1os en F1 con Mercedes-Benz y una asociaci\u00f3n de 11 a\u00f1os con el equipo de f\u00e1brica\u00bb, completa el texto.<\/p>\n<p>\u00abEn t\u00e9rminos de la pareja de pilotos y equipos, nuestra relaci\u00f3n con Lewis se ha convertido en la m\u00e1s exitosa que el deporte haya visto jam\u00e1s, y es algo que podemos recordar con orgullo\u00bb, resalt\u00f3 en tanto el director de Mercedes, Toto Wolff.<\/p>\n<p>\u00abLewis siempre ser\u00e1 una parte importante de la historia del automovilismo de Mercedes. Sin embargo, sab\u00edamos que nuestra asociaci\u00f3n llegar\u00eda a su fin naturalmente tarde o temprano, y ese d\u00eda ha llegado\u00bb, agreg\u00f3.<\/p>\n<p>\u00abAceptamos la decisi\u00f3n de Lewis de buscar un nuevo desaf\u00edo y nuestras oportunidades para el futuro son emocionantes de contemplar. Pero por ahora todav\u00eda nos queda una temporada y estamos concentrados en competir para lograr un 2024 s\u00f3lido\u00bb, complet\u00f3.<\/p>\n<p>M\u00e1s temprano, la revista Autosport, el diario italiano Corriere della Sera y la cadena brit\u00e1nica BBC hab\u00edan anticipado la partida de Hamilton de Mercedes para convertirse en nuevo piloto de Ferrari a partir de la temporada 2025.<\/p>\n<p>Las fuentes citadas por BBC indicaron que \u00abtodos los miembros del equipo Mercedes fueron convocados hoy para un reporte con el director Toto Wolff y el director t\u00e9cnico James Allison\u00bb para comunicar la partida de Hamilton a la escuder\u00eda de Maranello.<\/p>\n<p>Tambi\u00e9n el diario alem\u00e1n Bild public\u00f3 sobre la reuni\u00f3n en la sede de Brackley, en Inglaterra, donde Wolff anunci\u00f3 la partida de Hamilton, cuya transferencia a Ferrari ser\u00e1 anunciada, seg\u00fan el reporte, antes del fin de semana.<\/p>\n<p>Luego del anuncio de Ferrari, el piloto espa\u00f1ol Carlos S\u00e1inz public\u00f3 en redes sociales que el arribo de Hamilton determinar\u00e1 su partida de la escuder\u00eda Ferrari al t\u00e9rmino de la temporada 2024 de la F1.<\/p>\n<p>\u00abTras la noticia de hoy, Ferrari y yo no continuaremos juntos al final de 2024. Pero todav\u00eda tenemos una larga temporada por delante y lo dar\u00e9 todo por el equipo y los aficionados. Anunciar\u00e9 las noticias sobre mi futuro cuando llegue el momento\u00bb, public\u00f3 S\u00e1inz.<\/p>\n<p>Ante la salida de S\u00e1inz, el monegasco Charles Leclerc, quien renov\u00f3 su contrato el pasado domingo 25, ser\u00e1 el compa\u00f1ero de Hamilton, que se der\u00e1 el gusto de conducir una Ferrari con 40 a\u00f1os, dos menos de los del bicampe\u00f3n mundial espa\u00f1ol Fernando Alonso, piloto actual de Aston Martin.<\/p>\n<p>En tanto, Benedetto Vigna, administrador delegado de Ferrari, asegur\u00f3 que el equipo italiano \u00abluch\u00f3 hasta la \u00faltima carrera en la F1, cuya \u00faltima temporada fue dif\u00edcil y carente de satisfacciones\u00bb \u00abSabemos que debemos seguir trabajando incansablemente para volver al nivel que nuestros tifosi esperan de nosotros, no vemos la hora\u00bb, agreg\u00f3 Vigna en la apertura de la videollamada que comparti\u00f3 con los analistas financieros sobre las cuentas de la escuder\u00eda durante 2023.<\/p>\n<p>Ferrari, que celebr\u00f3 su t\u00edtulo del Mundo m\u00e1s reciente en la temporada 2007 con el finland\u00e9s Kimi Raikkonen, finaliz\u00f3 en el tercer puesto del Torneo de Constructores 2023, detr\u00e1s del campe\u00f3n Red Bull y del escolta Mercedes.<\/p>\n<p>\u00abEl deseo continuo de progresar y luchar por la excelencia en las carreras, y en todo lo que hacemos, es un testimonio de nuestro compromiso y nuestro deseo de superar siempre los l\u00edmites de la tecnolog\u00eda y la innovaci\u00f3n, con audacia\u00bb, complet\u00f3 Vigna.<\/p>\n","protected":false},"excerpt":{"rendered":"<p>Londres.- Ferrari lanz\u00f3 una importante noticia que es la llegada del s\u00e9ptuple campe\u00f3n mundial ingl\u00e9s Lewis Hamilton a partir del 2025 para la m\u00e1xima categor\u00eda del automovilismo internacional. La casa de Maranello, que este jueves registr\u00f3 un valor r\u00e9cord de sus acciones, emiti\u00f3 un comunicado para informar que Hamilton se sumar\u00e1 tras firmar \u00abun contrato [&hellip;]<\/p>\n","protected":false},"author":2,"featured_media":10552,"comment_status":"open","ping_status":"closed","sticky":false,"template":"","format":"standard","meta":{"_jetpack_memberships_contains_paid_content":false,"footnotes":""},"categories":[9,20],"tags":[21,230],"class_list":["post-10551","post","type-post","status-publish","format-standard","has-post-thumbnail","hentry","category-deportes","category-formula-uno","tag-ferrari","tag-lewis-hamilton"],"jetpack_featured_media_url":"https:\/\/radiocresatelital.com\/wp-content\/uploads\/2024\/02\/lewis-hamilton-nombrado-c2aballero-principe-1706798698512.webp","jetpack_sharing_enabled":true,"_links":{"self":[{"href":"https:\/\/radiocresatelital.com\/index.php?rest_route=\/wp\/v2\/posts\/10551","targetHints":{"allow":["GET"]}}],"collection":[{"href":"https:\/\/radiocresatelital.com\/index.php?rest_route=\/wp\/v2\/posts"}],"about":[{"href":"https:\/\/radiocresatelital.com\/index.php?rest_route=\/wp\/v2\/types\/post"}],"author":[{"embeddable":true,"href":"https:\/\/radiocresatelital.com\/index.php?rest_route=\/wp\/v2\/users\/2"}],"replies":[{"embeddable":true,"href":"https:\/\/radiocresatelital.com\/index.php?rest_route=%2Fwp%2Fv2%2Fcomments&post=10551"}],"version-history":[{"count":1,"href":"https:\/\/radiocresatelital.com\/index.php?rest_route=\/wp\/v2\/posts\/10551\/revisions"}],"predecessor-version":[{"id":10553,"href":"https:\/\/radiocresatelital.com\/index.php?rest_route=\/wp\/v2\/posts\/10551\/revisions\/10553"}],"wp:featuredmedia":[{"embeddable":true,"href":"https:\/\/radiocresatelital.com\/index.php?rest_route=\/wp\/v2\/media\/10552"}],"wp:attachment":[{"href":"https:\/\/radiocresatelital.com\/index.php?rest_route=%2Fwp%2Fv2%2Fmedia&parent=10551"}],"wp:term":[{"taxonomy":"category","embeddable":true,"href":"https:\/\/radiocresatelital.com\/index.php?rest_route=%2Fwp%2Fv2%2Fcategories&post=10551"},{"taxonomy":"post_tag","embeddable":true,"href":"https:\/\/radiocresatelital.com\/index.php?rest_route=%2Fwp%2Fv2%2Ftags&post=10551"}],"curies":[{"name":"wp","href":"https:\/\/api.w.org\/{rel}","templated":true}]}}