{"id":1053,"date":"2023-07-10T19:11:15","date_gmt":"2023-07-10T19:11:15","guid":{"rendered":"https:\/\/radiocresatelital.com\/?p=1053"},"modified":"2023-07-10T19:11:27","modified_gmt":"2023-07-10T19:11:27","slug":"18-medallas-para-orenses-en-en-sudamericano-de-pesas-en-sudamericano-de-pesas","status":"publish","type":"post","link":"https:\/\/radiocresatelital.com\/?p=1053","title":{"rendered":"18 Medallas para Orenses en en Sudamericano de Pesas"},"content":{"rendered":"<p>Machala.- Del 5 al 9 de julio en Guayaquil se realiz\u00f3 el Campeonato Sudamericano de Levantamiento de Pesas, para deportistas de los 10 pa\u00edses de la regi\u00f3n en las categor\u00edas, Sub 15, Sub 17, Sub 20 y Absoluto. Federaci\u00f3n Deportiva de El Oro FEDEORO, aport\u00f3 a la selecci\u00f3n nacional con un total de 6 deportistas que alcanzaron un total de 18 medallas; de las cuales 7 fueron de oro.<\/p>\n<p>Las medallistas:<br \/>\n3 de oro para Cristhy S\u00e1nchez, en la Sub 15<br \/>\n3 de oro para Liseth Ayov\u00ed, en Absoluto<br \/>\n1 de oro para Yuleisy Medina, en la Sub 17<br \/>\nTotal: 7<\/p>\n<p>2 de plata para Litsy Villa, en la Sub 17<br \/>\n2 de plata para Yueisy Medina, en la Sub 17<br \/>\nTotal: 4<\/p>\n<p>3 de bronce para Dom\u00e9nica G\u00f3mez en la Su 15<br \/>\n3 de bronce para Juliana Rangel, en la Sub 17<br \/>\n1 de broce para Litsy Villa, en la Sub 17.<br \/>\nTotal: 14<\/p>\n<p>\u201cConsidero que la presentaci\u00f3n de las seleccionadas orenses fue excelente, 18 medallas en total, con 7 de oro en un Campeonato Sudamericano, contra los mejores deportistas de Am\u00e9rica del Sur en las respectivas categor\u00edas, es digo de resaltar. Lamentablemente no llevamos a otros 2 deportistas por no tener rivales en sus pesos, ellos tambi\u00e9n ten\u00edan chance de subir al podio y las medallas hubieran sido m\u00e1s\u201d, expres\u00f3 Yofre Bustamante, entrenador de FEDEORO que dirigi\u00f3 la selecci\u00f3n.<\/p>\n","protected":false},"excerpt":{"rendered":"<p>Machala.- Del 5 al 9 de julio en Guayaquil se realiz\u00f3 el Campeonato Sudamericano de Levantamiento de Pesas, para deportistas de los 10 pa\u00edses de la regi\u00f3n en las categor\u00edas, Sub 15, Sub 17, Sub 20 y Absoluto. Federaci\u00f3n Deportiva de El Oro FEDEORO, aport\u00f3 a la selecci\u00f3n nacional con un total de 6 deportistas [&hellip;]<\/p>\n","protected":false},"author":2,"featured_media":1054,"comment_status":"open","ping_status":"closed","sticky":false,"template":"","format":"standard","meta":{"_jetpack_memberships_contains_paid_content":false,"footnotes":""},"categories":[9],"tags":[226],"class_list":["post-1053","post","type-post","status-publish","format-standard","has-post-thumbnail","hentry","category-deportes","tag-levantamiento-de-pesas"],"jetpack_featured_media_url":"https:\/\/radiocresatelital.com\/wp-content\/uploads\/2023\/07\/3005f265-cc2f-453e-9f9f-5e7742d316fb.jpg","jetpack_sharing_enabled":true,"_links":{"self":[{"href":"https:\/\/radiocresatelital.com\/index.php?rest_route=\/wp\/v2\/posts\/1053","targetHints":{"allow":["GET"]}}],"collection":[{"href":"https:\/\/radiocresatelital.com\/index.php?rest_route=\/wp\/v2\/posts"}],"about":[{"href":"https:\/\/radiocresatelital.com\/index.php?rest_route=\/wp\/v2\/types\/post"}],"author":[{"embeddable":true,"href":"https:\/\/radiocresatelital.com\/index.php?rest_route=\/wp\/v2\/users\/2"}],"replies":[{"embeddable":true,"href":"https:\/\/radiocresatelital.com\/index.php?rest_route=%2Fwp%2Fv2%2Fcomments&post=1053"}],"version-history":[{"count":2,"href":"https:\/\/radiocresatelital.com\/index.php?rest_route=\/wp\/v2\/posts\/1053\/revisions"}],"predecessor-version":[{"id":1056,"href":"https:\/\/radiocresatelital.com\/index.php?rest_route=\/wp\/v2\/posts\/1053\/revisions\/1056"}],"wp:featuredmedia":[{"embeddable":true,"href":"https:\/\/radiocresatelital.com\/index.php?rest_route=\/wp\/v2\/media\/1054"}],"wp:attachment":[{"href":"https:\/\/radiocresatelital.com\/index.php?rest_route=%2Fwp%2Fv2%2Fmedia&parent=1053"}],"wp:term":[{"taxonomy":"category","embeddable":true,"href":"https:\/\/radiocresatelital.com\/index.php?rest_route=%2Fwp%2Fv2%2Fcategories&post=1053"},{"taxonomy":"post_tag","embeddable":true,"href":"https:\/\/radiocresatelital.com\/index.php?rest_route=%2Fwp%2Fv2%2Ftags&post=1053"}],"curies":[{"name":"wp","href":"https:\/\/api.w.org\/{rel}","templated":true}]}}