{"id":10517,"date":"2024-02-01T19:34:38","date_gmt":"2024-02-01T19:34:38","guid":{"rendered":"https:\/\/radiocresatelital.com\/?p=10517"},"modified":"2024-02-01T19:34:38","modified_gmt":"2024-02-01T19:34:38","slug":"natalia-vasquez-campeona-nacional-sub-23-de-contrarreloj","status":"publish","type":"post","link":"https:\/\/radiocresatelital.com\/?p=10517","title":{"rendered":"Natalia V\u00e1squez campeona nacional Sub 23 de contrarreloj"},"content":{"rendered":"<p>Riobamba.- El Movistar Best PC subi\u00f3 a lo m\u00e1s alto del podio del Campeonato Nacional que se cumple en Riobamba. Natalia V\u00e1squez con un registro de 31:39, se llev\u00f3 la medalla de oro en la categor\u00eda Sub 23 y portar\u00e1 el Jersey \u2018tricolor\u2019, por las diferentes competencias de la temporada.<\/p>\n<p>El equipo continental ecuatoriano, adem\u00e1s, sum\u00f3 dos medallas de plata con Camila Vega y Erik Pozo, en la categor\u00eda Sub 23, y una de bronce con H\u00e9ctor \u00c1lvarez, en la juvenil.<\/p>\n<p>Por equipos, \u00c1lvarez y Anthony Tr\u00e1vez, tambi\u00e9n, se llevaron la medalla de oro en equipos.<\/p>\n<p>\u201cFue un recorrido muy duro que lo sufr\u00ed bastante, pero que tambi\u00e9n lo disfrut\u00e9\u201d, dijo Natalia, quien considera que est\u00e1 recogiendo los frutos de un gran trabajo.<\/p>\n<p>\u201cEste triunfo es para mi equipo, para mi familia, mis papas, quienes son los que me han apoyado desde el primer momento\u201d, agreg\u00f3 la ciclista imbabure\u00f1a de 19 a\u00f1os.<\/p>\n<p>La participaci\u00f3n del equipo en el Campeonato Nacional contin\u00faa este viernes, en la prueba de ruta para la categor\u00eda juvenil. Ah\u00ed nos representar\u00e1n H\u00e9ctor \u00c1lvarez y Anthony Tr\u00e1vez.<\/p>\n","protected":false},"excerpt":{"rendered":"<p>Riobamba.- El Movistar Best PC subi\u00f3 a lo m\u00e1s alto del podio del Campeonato Nacional que se cumple en Riobamba. Natalia V\u00e1squez con un registro de 31:39, se llev\u00f3 la medalla de oro en la categor\u00eda Sub 23 y portar\u00e1 el Jersey \u2018tricolor\u2019, por las diferentes competencias de la temporada. El equipo continental ecuatoriano, adem\u00e1s, [&hellip;]<\/p>\n","protected":false},"author":2,"featured_media":10518,"comment_status":"open","ping_status":"closed","sticky":false,"template":"","format":"standard","meta":{"_jetpack_memberships_contains_paid_content":false,"footnotes":""},"categories":[120,9],"tags":[1029],"class_list":["post-10517","post","type-post","status-publish","format-standard","has-post-thumbnail","hentry","category-ciclismo","category-deportes","tag-movistar-best-pc"],"jetpack_featured_media_url":"https:\/\/radiocresatelital.com\/wp-content\/uploads\/2024\/02\/b076b463-9813-48df-a4e1-a6dcae354c00.jpg","jetpack_sharing_enabled":true,"_links":{"self":[{"href":"https:\/\/radiocresatelital.com\/index.php?rest_route=\/wp\/v2\/posts\/10517","targetHints":{"allow":["GET"]}}],"collection":[{"href":"https:\/\/radiocresatelital.com\/index.php?rest_route=\/wp\/v2\/posts"}],"about":[{"href":"https:\/\/radiocresatelital.com\/index.php?rest_route=\/wp\/v2\/types\/post"}],"author":[{"embeddable":true,"href":"https:\/\/radiocresatelital.com\/index.php?rest_route=\/wp\/v2\/users\/2"}],"replies":[{"embeddable":true,"href":"https:\/\/radiocresatelital.com\/index.php?rest_route=%2Fwp%2Fv2%2Fcomments&post=10517"}],"version-history":[{"count":1,"href":"https:\/\/radiocresatelital.com\/index.php?rest_route=\/wp\/v2\/posts\/10517\/revisions"}],"predecessor-version":[{"id":10519,"href":"https:\/\/radiocresatelital.com\/index.php?rest_route=\/wp\/v2\/posts\/10517\/revisions\/10519"}],"wp:featuredmedia":[{"embeddable":true,"href":"https:\/\/radiocresatelital.com\/index.php?rest_route=\/wp\/v2\/media\/10518"}],"wp:attachment":[{"href":"https:\/\/radiocresatelital.com\/index.php?rest_route=%2Fwp%2Fv2%2Fmedia&parent=10517"}],"wp:term":[{"taxonomy":"category","embeddable":true,"href":"https:\/\/radiocresatelital.com\/index.php?rest_route=%2Fwp%2Fv2%2Fcategories&post=10517"},{"taxonomy":"post_tag","embeddable":true,"href":"https:\/\/radiocresatelital.com\/index.php?rest_route=%2Fwp%2Fv2%2Ftags&post=10517"}],"curies":[{"name":"wp","href":"https:\/\/api.w.org\/{rel}","templated":true}]}}