{"id":10514,"date":"2024-02-01T17:48:36","date_gmt":"2024-02-01T17:48:36","guid":{"rendered":"https:\/\/radiocresatelital.com\/?p=10514"},"modified":"2024-02-01T17:48:36","modified_gmt":"2024-02-01T17:48:36","slug":"uruguayo-emiliano-sosa-fue-presentado-en-orense-s-c","status":"publish","type":"post","link":"https:\/\/radiocresatelital.com\/?p=10514","title":{"rendered":"Uruguayo Emiliano Sosa fue presentado en Orense S.C."},"content":{"rendered":"<p>Machala.- Orense Sporting Club se sigue reforzando para la temporada 2024, tras anunciar al uruguayo Emiliano Sosa como su nuevo fichaje, convirti\u00e9ndose en el sexto extranjero del equipo \u201cbananero\u201d para la LigaPro Ecuabet.<\/p>\n<p>El jugador de 25 a\u00f1os oriundo de Montevideo, se desempe\u00f1a como mediocampista y destaca por ser aguerrido dentro del campo de juego, por su visi\u00f3n, recuperaci\u00f3n y acompa\u00f1amiento en cada jugada.<\/p>\n<p>Sosa se vincula al club representante de la provincia de El Oro hasta el final de temporada, en condici\u00f3n de pr\u00e9stamo con opci\u00f3n a compra, proveniente del Club Atl\u00e9tico Boston River, equipo de la Primera Divisi\u00f3n de Uruguay.<\/p>\n<p>Dentro de su trayectoria, destaca su paso por Nacional de Uruguay, en donde fue campe\u00f3n de la Conmebol Libertadores Sub-20 2018. Adem\u00e1s fue parte del Club Atl\u00e9tico Cerro, tambi\u00e9n de la m\u00e1xima categor\u00eda uruguaya.<\/p>\n","protected":false},"excerpt":{"rendered":"<p>Machala.- Orense Sporting Club se sigue reforzando para la temporada 2024, tras anunciar al uruguayo Emiliano Sosa como su nuevo fichaje, convirti\u00e9ndose en el sexto extranjero del equipo \u201cbananero\u201d para la LigaPro Ecuabet. El jugador de 25 a\u00f1os oriundo de Montevideo, se desempe\u00f1a como mediocampista y destaca por ser aguerrido dentro del campo de juego, [&hellip;]<\/p>\n","protected":false},"author":2,"featured_media":10515,"comment_status":"open","ping_status":"closed","sticky":false,"template":"","format":"standard","meta":{"_jetpack_memberships_contains_paid_content":false,"footnotes":""},"categories":[626,73],"tags":[1783,360],"class_list":["post-10514","post","type-post","status-publish","format-standard","has-post-thumbnail","hentry","category-futbol-nacional","category-liga-pro","tag-emiliano-sosa","tag-orense-sc"],"jetpack_featured_media_url":"https:\/\/radiocresatelital.com\/wp-content\/uploads\/2024\/02\/3118d52e7dac402a9b640af408f32a78.webp","jetpack_sharing_enabled":true,"_links":{"self":[{"href":"https:\/\/radiocresatelital.com\/index.php?rest_route=\/wp\/v2\/posts\/10514","targetHints":{"allow":["GET"]}}],"collection":[{"href":"https:\/\/radiocresatelital.com\/index.php?rest_route=\/wp\/v2\/posts"}],"about":[{"href":"https:\/\/radiocresatelital.com\/index.php?rest_route=\/wp\/v2\/types\/post"}],"author":[{"embeddable":true,"href":"https:\/\/radiocresatelital.com\/index.php?rest_route=\/wp\/v2\/users\/2"}],"replies":[{"embeddable":true,"href":"https:\/\/radiocresatelital.com\/index.php?rest_route=%2Fwp%2Fv2%2Fcomments&post=10514"}],"version-history":[{"count":1,"href":"https:\/\/radiocresatelital.com\/index.php?rest_route=\/wp\/v2\/posts\/10514\/revisions"}],"predecessor-version":[{"id":10516,"href":"https:\/\/radiocresatelital.com\/index.php?rest_route=\/wp\/v2\/posts\/10514\/revisions\/10516"}],"wp:featuredmedia":[{"embeddable":true,"href":"https:\/\/radiocresatelital.com\/index.php?rest_route=\/wp\/v2\/media\/10515"}],"wp:attachment":[{"href":"https:\/\/radiocresatelital.com\/index.php?rest_route=%2Fwp%2Fv2%2Fmedia&parent=10514"}],"wp:term":[{"taxonomy":"category","embeddable":true,"href":"https:\/\/radiocresatelital.com\/index.php?rest_route=%2Fwp%2Fv2%2Fcategories&post=10514"},{"taxonomy":"post_tag","embeddable":true,"href":"https:\/\/radiocresatelital.com\/index.php?rest_route=%2Fwp%2Fv2%2Ftags&post=10514"}],"curies":[{"name":"wp","href":"https:\/\/api.w.org\/{rel}","templated":true}]}}