{"id":10490,"date":"2024-01-31T22:26:46","date_gmt":"2024-01-31T22:26:46","guid":{"rendered":"https:\/\/radiocresatelital.com\/?p=10490"},"modified":"2024-01-31T22:26:46","modified_gmt":"2024-01-31T22:26:46","slug":"sin-ana-vivar-la-formacion-del-movistar-best-pc-lista-para-el-campeonato-nacional-de-ruta-en-riobamba","status":"publish","type":"post","link":"https:\/\/radiocresatelital.com\/?p=10490","title":{"rendered":"Sin Ana Vivar la formaci\u00f3n del Movistar Best PC lista para el Campeonato Nacional de Ruta en Riobamba"},"content":{"rendered":"<p>Quito.- El \u2018Trencito\u2019 del Movistar Best PC, con sus 14 integrantes, se desplaza este mi\u00e9rcoles a la capital de Chimborazo para ser parte del Campeonato Nacional de Ruta, que inicia el jueves 1 de febrero con la prueba de contrarreloj individual (CRI).<\/p>\n<p>En la formaci\u00f3n no estar\u00e1 nuestra campeona nacional de ruta Ana Vivar. \u201cNo podr\u00e9 estar ah\u00ed. Hemos tomado la decisi\u00f3n con mi equipo, familia y entrenadores. La prioridad es mi salud\u201d, dijo la ciclista azuaya.<\/p>\n<p>Vivar se recupera de m\u00faltiples fracturas que sufri\u00f3 en el Panamericano de Panam\u00e1, en abril de a\u00f1o pasado.<\/p>\n<p><strong>Se abre la temporada<\/strong><\/p>\n<p>Vestir de \u2018tricolor\u2019 durante toda la temporada es sue\u00f1o de los ciclistas del pelot\u00f3n nacional y los World Tour que se citan en Riobamba.<\/p>\n<p>Santiago Montenegro, que correr\u00e1 las pruebas de ruta y contrarreloj \u00e9lite, donde estar\u00e1n pedalistas como Richard Carapaz y Jhonatan Narv\u00e1ez, espera \u201cestar entre los mejores\u201d, ya que se ha sentido \u201cbien en los entrenamientos\u201d.<\/p>\n<p>En la categor\u00eda Sub 23 Gabriel Ulcuango debutar\u00e1 en el equipo, mientras que Erik Pozo ascendi\u00f3 a esta fase desde la juvenil.<\/p>\n<p>Entre las damas, ocurre algo similar con Camila Vega. La ciclista quite\u00f1a dej\u00f3 de ser juvenil. \u201cEs un poco m\u00e1s dif\u00edcil lograr p\u00f3dium. Tengo la expectativa de quedar entre las cinco mejores\u201d, destac\u00f3 Vega.<\/p>\n<p>Marcela Pe\u00f1afiel, por su lado, llega con \u201cmucha ilusi\u00f3n y muchos sue\u00f1os\u201d. Inicia el a\u00f1o con las expectativas muy altas para la prueba de ruta.<\/p>\n<p><strong>MOVISTAR BEST PC<\/strong><\/p>\n<p><strong>N\u00d3MINA<\/strong><\/p>\n<p><strong>PRUEBA DE RUTA<\/strong><\/p>\n<p><strong>Categor\u00eda \u00e9lite<\/strong><\/p>\n<p>Bayron Guam\u00e1<\/p>\n<p>Santiago Montenegro<\/p>\n<p>Richard Huera<\/p>\n<p>Pablo Caicedo<\/p>\n<p>Bryan Obando<\/p>\n<p><strong>Categor\u00eda Sub 23<\/strong><\/p>\n<p>Mateo L\u00f3pez<\/p>\n<p>Luis Monteros<\/p>\n<p>Erik Pozo<\/p>\n<p>Gabriel Ulcuango<\/p>\n<p><strong>Categor\u00eda Juvenil<\/strong><\/p>\n<p>H\u00e9ctor \u00c1lvarez<\/p>\n<p>Anthony Tr\u00e1vez<\/p>\n<p><strong>Categor\u00eda damas <\/strong><\/p>\n<p>Marcela Pe\u00f1afiel<\/p>\n<p>Natalia V\u00e1squez<\/p>\n<p>Camila Vega<\/p>\n<p><strong>PRUEBA DE CONTARRELOJ INDIVIDUAL (CRI)<\/strong><\/p>\n<p><strong>\u00c9lite varones<\/strong><\/p>\n<p>Santiago Montenegro<\/p>\n<p>Bryan Obando<\/p>\n<p><strong>Sub 23 varones<\/strong><\/p>\n<p>Luis Monteros<\/p>\n<p>Erik Pozo<\/p>\n<p><strong>Juvenil varones<\/strong><\/p>\n<p>H\u00e9ctor \u00c1lvarez<\/p>\n<p>Anthony Tr\u00e1vez<\/p>\n<p><strong>Damas<\/strong><\/p>\n<p>Natalia V\u00e1squez<\/p>\n<p>Camila Vega<\/p>\n","protected":false},"excerpt":{"rendered":"<p>Quito.- El \u2018Trencito\u2019 del Movistar Best PC, con sus 14 integrantes, se desplaza este mi\u00e9rcoles a la capital de Chimborazo para ser parte del Campeonato Nacional de Ruta, que inicia el jueves 1 de febrero con la prueba de contrarreloj individual (CRI). En la formaci\u00f3n no estar\u00e1 nuestra campeona nacional de ruta Ana Vivar. \u201cNo [&hellip;]<\/p>\n","protected":false},"author":2,"featured_media":10491,"comment_status":"open","ping_status":"closed","sticky":false,"template":"","format":"standard","meta":{"_jetpack_memberships_contains_paid_content":false,"footnotes":""},"categories":[120,9],"tags":[1029],"class_list":["post-10490","post","type-post","status-publish","format-standard","has-post-thumbnail","hentry","category-ciclismo","category-deportes","tag-movistar-best-pc"],"jetpack_featured_media_url":"https:\/\/radiocresatelital.com\/wp-content\/uploads\/2024\/01\/af22d3ab-28ab-446f-aa77-47f6dd156a72.jpeg","jetpack_sharing_enabled":true,"_links":{"self":[{"href":"https:\/\/radiocresatelital.com\/index.php?rest_route=\/wp\/v2\/posts\/10490","targetHints":{"allow":["GET"]}}],"collection":[{"href":"https:\/\/radiocresatelital.com\/index.php?rest_route=\/wp\/v2\/posts"}],"about":[{"href":"https:\/\/radiocresatelital.com\/index.php?rest_route=\/wp\/v2\/types\/post"}],"author":[{"embeddable":true,"href":"https:\/\/radiocresatelital.com\/index.php?rest_route=\/wp\/v2\/users\/2"}],"replies":[{"embeddable":true,"href":"https:\/\/radiocresatelital.com\/index.php?rest_route=%2Fwp%2Fv2%2Fcomments&post=10490"}],"version-history":[{"count":1,"href":"https:\/\/radiocresatelital.com\/index.php?rest_route=\/wp\/v2\/posts\/10490\/revisions"}],"predecessor-version":[{"id":10492,"href":"https:\/\/radiocresatelital.com\/index.php?rest_route=\/wp\/v2\/posts\/10490\/revisions\/10492"}],"wp:featuredmedia":[{"embeddable":true,"href":"https:\/\/radiocresatelital.com\/index.php?rest_route=\/wp\/v2\/media\/10491"}],"wp:attachment":[{"href":"https:\/\/radiocresatelital.com\/index.php?rest_route=%2Fwp%2Fv2%2Fmedia&parent=10490"}],"wp:term":[{"taxonomy":"category","embeddable":true,"href":"https:\/\/radiocresatelital.com\/index.php?rest_route=%2Fwp%2Fv2%2Fcategories&post=10490"},{"taxonomy":"post_tag","embeddable":true,"href":"https:\/\/radiocresatelital.com\/index.php?rest_route=%2Fwp%2Fv2%2Ftags&post=10490"}],"curies":[{"name":"wp","href":"https:\/\/api.w.org\/{rel}","templated":true}]}}