{"id":10475,"date":"2024-01-31T19:37:51","date_gmt":"2024-01-31T19:37:51","guid":{"rendered":"https:\/\/radiocresatelital.com\/?p=10475"},"modified":"2024-01-31T21:56:48","modified_gmt":"2024-01-31T21:56:48","slug":"aniplex-crunchyroll-y-sony-pictures-entertainment-anuncian-las-fechas-globales-en-cines-de-demon-slaker-kimetsu-no-yaiba-to-the-hashira-training-y-revelan-detalles-de-su-gira-mundial","status":"publish","type":"post","link":"https:\/\/radiocresatelital.com\/?p=10475","title":{"rendered":"Aniplex, Crunchyroll y Sony Pictures Entertainment anuncian las fechas globales en cines de Demon Slaker: Kimetsu no Yaiba -To The Hashira Training y revelan detalles de su gira mundial"},"content":{"rendered":"<p>Quito.-\u00a0 Crunchyroll, la mejor experiencia de anime en el mundo, y Sony Pictures Entertainment han anunciado las fechas de estreno internacional de <strong><em>Demon Slayer: Kimetsu no Yaiba -To the Hashira Training-<\/em><\/strong>, que traer\u00e1 de vuelta a Tanjiro y al Cuerpo de Cazadores de Demonios a la gran pantalla en un evento que no te puedes perder a partir del 21 de febrero.<\/p>\n<p><strong><em>Demon Slayer: Kimetsu no Yaiba -To the Hashira Training-<\/em><\/strong> le dar\u00e1 oportunidad a los fan\u00e1ticos de volver a ver el apasionante final del Arco de la Aldea de los Herreros y tener un vistazo al esperado Arco del Entrenamiento de los Pilares en una experiencia cinematogr\u00e1fica de tama\u00f1o extra.<strong><em>\u00a0<\/em><\/strong><\/p>\n<p><strong><em>Demon Slayer: Kimetsu no Yaiba -To the Hashira Training-<\/em><\/strong> es la primera vez que los fan\u00e1ticos podr\u00e1n ver el final del Arco de la Aldea de los Herreros en una sala de cine y la primera vez que ser\u00e1n testigos del comienzo del Arco del Entrenamiento de los Pilares.<\/p>\n<p>Las fechas de estreno en los cines de todo el mundo son:<\/p>\n<ul>\n<li><strong>February 21<\/strong>: Malta<\/li>\n<li><strong>February 22<\/strong>: Albania, Argentina, Australia, Bolivia, Brazil, Chile, Colombia, Costa Rica, Croatia, Czech Republic, Denmark, Dominican Republic, Ecuador, El Salvador, Guatemala, Honduras, Hungary, Lithuania, Mexico, Netherlands, New Zealand, Nicaragua, Panama, Paraguay, Peru, Portugal, Serbia, Slovakia, Slovenia, Spain, Switzerland (Italian-speaking), Ukraine, Uruguay, Venezuela<\/li>\n<li><strong>February 23<\/strong>: Belgium, Bulgaria, Canada, Finland, Iceland, Ireland, Italy, Latvia, Luxembourg, Norway, Poland, Romania, South Africa, Sweden, United Kingdom, United States<\/li>\n<li><strong>February 24<\/strong>: Estonia, France (note: two-day event screening), Switzerland (French-speaking), and select countries in French-speaking Africa<\/li>\n<li><strong>February 27<\/strong>: Austria, Germany, Switzerland (German-speaking)<\/li>\n<li>Additional territories\u2019 theatrical dates including India to be announced soon.<\/li>\n<\/ul>\n<p>Adem\u00e1s, los fan\u00e1ticos tendr\u00e1n la oportunidad de asistir a proyecciones avanzadas especiales como parte de una gira mundial, que incluir\u00e1 ciudades seleccionadas en los territorios de Crunchyroll\/Sony Pictures Entertainment.<\/p>\n<p><strong><u>Acerca de las proyecciones especiales de <em>Demon Slayer: Kimetsu no Yaiba -To the Hashira Training- World Tour <\/em>y otros proyecciones en territorios de Crunchyroll:<\/u><\/strong><\/p>\n<p><em>*A menos que se indique lo contrario, las fechas de venta de entradas para algunos de los eventos se anunciar\u00e1n pr\u00f3ximamente. Para consultar la lista de ciudades participantes en todo el mundo, visita <\/em><a href=\"https:\/\/demonslayer-anime.com\/worldtour2024\/\"><em>este enlace<\/em><\/a><em>.<\/em><\/p>\n<p><strong>10 de febrero<\/strong>: Ciudad de Nueva York, Nueva York | Regal Union Square<\/p>\n<p>Invitados especiales: Natsuki Hanae, Hiro Shimono y el productor Yuma Takahashi.<\/p>\n<p><strong>13 de febrero<\/strong>: Berl\u00edn, Alemania | UCI Kinowelt Colosseum<\/p>\n<p><strong>17 de febrero: Ciudad de M\u00e9xico, M\u00e9xico<\/strong><\/p>\n<p><strong>Invitados especiales: Takahiro Sakurai, Kengo Kawanishi y el productor Yuma Takahashi.<\/strong><\/p>\n<p><strong>19 de febrero<\/strong>: S\u00e3o Paulo, Brasil | Cinemark Eldorado<\/p>\n<p><strong>\u00a0<\/strong><strong>24 de febrero<\/strong>: Par\u00eds, Francia | UGC Normandie<\/p>\n<p>Invitados especiales: Natsuki Hanae, Producer Yuma Takahashi y presentando una actuaci\u00f3n musical de milet.<\/p>\n<p><strong>25 de febrero<\/strong>: Londres, Reino Unido| BFI IMAX<\/p>\n<p>Invitados especiales: Natsuki Hanae y el productor Yuma Takahashi.<\/p>\n<p><em>*Nota: Una fecha de la gira mundial y locaci\u00f3n en India ser\u00e1n anunciadas pr\u00f3ximamente.<\/em><\/p>\n<p><em>Demon Slayer: Kimetsu no Yaiba<\/em> se basa en la serie de manga de Koyoharu Gotoge publicada por JUMP COMICS de SHUEISHA, que consta de 23 vol\u00famenes y m\u00e1s de 150 millones de copias publicadas. La producci\u00f3n de animaci\u00f3n est\u00e1 a cargo de ufotable.<\/p>\n<p><strong><u>Acerca de <\/u><\/strong><strong><em><u>Demon Slayer: Kimetsu no Yaiba -To the Hashira Training-<\/u><\/em><\/strong>:<\/p>\n<p><strong><em>Demon Slayer: Kimetsu no Yaiba -To the Hashira Training-<\/em><\/strong> proyectar\u00e1 por primera vez en cines el episodio 11 del Arco de la Aldea de los Herreros, mostrando as\u00ed la conclusi\u00f3n de la feroz batalla entre Tanjiro y la Cuarta Luna Creciente, Hatengu, adem\u00e1s de c\u00f3mo Nezuko logra caminar bajo el sol. Le seguir\u00e1 el episodio 1 del Arco del Entrenamiento de los Pilares, donde veremos el inicio del entrenamiento de los Pilares para prepararse de cara a la pr\u00f3xima batalla contra Muzan Kibutsuji, que se podr\u00e1 ver por primera vez.<\/p>\n<p>Historia original: Koyoharu Gotoge (JUMP COMICS \/ SHUEISHA)<\/p>\n<p>Director: Haruo Sotozaki<\/p>\n<p>Dise\u00f1o de personajes\/Director en jefe de animaci\u00f3n: Akira Matsushima<\/p>\n<p>Producci\u00f3n del gui\u00f3n: ufotable<\/p>\n<p>Dise\u00f1o secundario de personajes: Miyuki Sato, Yoko Kajiyama, Mika Kikuchi<\/p>\n<p>Dise\u00f1o de utiler\u00eda: Masaharu Koyama<\/p>\n<p>Director de arte: Koji Eto<\/p>\n<p>Director de fotograf\u00eda: Yuichi Terao<\/p>\n<p>Director 3D: Kazuki Nishiwaki<\/p>\n<p>Configuraci\u00f3n de color: Yuko Omae<\/p>\n<p>Edici\u00f3n: Manabu Kamino<\/p>\n<p>M\u00fasica: Yuki Kajiura, Go Shiina<\/p>\n<p>Producci\u00f3n de animaci\u00f3n: ufotable<u>\u00a0<\/u><\/p>\n<p><strong><u>Acerca de <em>Demon Slayer: Kimetsu no Yaiba<\/em><\/u><\/strong>:<\/p>\n<p>Estamos en la era Taisho de Jap\u00f3n. Tanjiro, un joven que se gana la vida vendiendo carb\u00f3n, descubre un d\u00eda que su familia ha sido asesinada por un demonio. Para empeorar las cosas, su hermana menor Nezuko, la \u00fanica superviviente de la masacre, ha sufrido una transformaci\u00f3n en demonio.<\/p>\n<p>Destrozado por los acontecimientos Tanjiro decide convertirse en un cazador de demonios para poder devolver a su hermana a la normalidad y matar al demonio que masacr\u00f3 a su familia.<\/p>\n","protected":false},"excerpt":{"rendered":"<p>Quito.-\u00a0 Crunchyroll, la mejor experiencia de anime en el mundo, y Sony Pictures Entertainment han anunciado las fechas de estreno internacional de Demon Slayer: Kimetsu no Yaiba -To the Hashira Training-, que traer\u00e1 de vuelta a Tanjiro y al Cuerpo de Cazadores de Demonios a la gran pantalla en un evento que no te puedes [&hellip;]<\/p>\n","protected":false},"author":2,"featured_media":10478,"comment_status":"open","ping_status":"closed","sticky":false,"template":"","format":"standard","meta":{"_jetpack_memberships_contains_paid_content":false,"footnotes":""},"categories":[880],"tags":[1778],"class_list":["post-10475","post","type-post","status-publish","format-standard","has-post-thumbnail","hentry","category-cine","tag-crunchyroll"],"jetpack_featured_media_url":"https:\/\/radiocresatelital.com\/wp-content\/uploads\/2024\/01\/a23e4562-2ff4-4e71-b80f-34e50961177d.jpeg","jetpack_sharing_enabled":true,"_links":{"self":[{"href":"https:\/\/radiocresatelital.com\/index.php?rest_route=\/wp\/v2\/posts\/10475","targetHints":{"allow":["GET"]}}],"collection":[{"href":"https:\/\/radiocresatelital.com\/index.php?rest_route=\/wp\/v2\/posts"}],"about":[{"href":"https:\/\/radiocresatelital.com\/index.php?rest_route=\/wp\/v2\/types\/post"}],"author":[{"embeddable":true,"href":"https:\/\/radiocresatelital.com\/index.php?rest_route=\/wp\/v2\/users\/2"}],"replies":[{"embeddable":true,"href":"https:\/\/radiocresatelital.com\/index.php?rest_route=%2Fwp%2Fv2%2Fcomments&post=10475"}],"version-history":[{"count":1,"href":"https:\/\/radiocresatelital.com\/index.php?rest_route=\/wp\/v2\/posts\/10475\/revisions"}],"predecessor-version":[{"id":10477,"href":"https:\/\/radiocresatelital.com\/index.php?rest_route=\/wp\/v2\/posts\/10475\/revisions\/10477"}],"wp:featuredmedia":[{"embeddable":true,"href":"https:\/\/radiocresatelital.com\/index.php?rest_route=\/wp\/v2\/media\/10478"}],"wp:attachment":[{"href":"https:\/\/radiocresatelital.com\/index.php?rest_route=%2Fwp%2Fv2%2Fmedia&parent=10475"}],"wp:term":[{"taxonomy":"category","embeddable":true,"href":"https:\/\/radiocresatelital.com\/index.php?rest_route=%2Fwp%2Fv2%2Fcategories&post=10475"},{"taxonomy":"post_tag","embeddable":true,"href":"https:\/\/radiocresatelital.com\/index.php?rest_route=%2Fwp%2Fv2%2Ftags&post=10475"}],"curies":[{"name":"wp","href":"https:\/\/api.w.org\/{rel}","templated":true}]}}