{"id":10446,"date":"2024-01-31T20:19:07","date_gmt":"2024-01-31T20:19:07","guid":{"rendered":"https:\/\/radiocresatelital.com\/?p=10446"},"modified":"2024-01-31T20:19:07","modified_gmt":"2024-01-31T20:19:07","slug":"ligapro-galardono-a-los-mejores-del-2023","status":"publish","type":"post","link":"https:\/\/radiocresatelital.com\/?p=10446","title":{"rendered":"LigaPro galardon\u00f3 a los mejores del 2023"},"content":{"rendered":"<p>Guayaquil.- La noche de este martes 30 de enero, la ciudad de Quito vivi\u00f3 la noche de los mejores. En su quinto a\u00f1o consecutivo, LigaPro premi\u00f3 a los mejores jugadores de la temporada 2023 y adem\u00e1s entreg\u00f3 varios reconocimientos a personajes importantes del balompi\u00e9.<\/p>\n<p>El evento arranc\u00f3 con los reconocimientos a directivos del f\u00fatbol ecuatoriano, donde estuvo Luis Alfonso Chango, Esteban Paz y Dennis Dau. Tambi\u00e9n futbolistas que marcaron historia en nuestro pa\u00eds y decidieron retirarse en el 2023 del deporte como Adri\u00e1n Gabbarini (Liga de Quito) y Cristian Pellerano (Independiente del Valle).<\/p>\n<p>Nuestro presidente, Miguel \u00c1ngel Loor, agradeci\u00f3 por otro gran torneo competitivo: \u201cMe llena de orgullo este trabajo, que es el Pro. Esta Liga se creo para cambiar el rumbo del f\u00fatbol. Hoy vemos que estamos bien, luego de tantos a\u00f1os vemos resultados. Esto es gracias a todos, prensa, clubes, dirigentes y hoy reconocimos a los mejores jugadores del 2023.\u201d.<\/p>\n<p>Adem\u00e1s los medios de comunicaci\u00f3n no se quedaron atr\u00e1s en el \u00faltimo a\u00f1o. LigaPro destac\u00f3 el trabajo que hacen los comunicadores tanto de nuestra competici\u00f3n y cada evento que nos ponemos como meta.<\/p>\n<p>Es por eso que Mr. Offsider (medio digital), Radio La Redonda Quito (medio radial) y Expreso \u2013 Extra (medio escrito), tambi\u00e9n se llevaron un reconocimiento. Pero la noche tuvo m\u00e1s sorpresa y era momento de conocer a los mejores jugadores que nos dej\u00f3 el torneo LigaPro, en la temporada 2023:<\/p>\n<p>Arquero \u2013 Alexander Dom\u00ednguez<br \/>\nDefensa \u2013 Ricardo Ad\u00e9<br \/>\nLateral Derecho \u2013 Jos\u00e9 Quinteros<br \/>\nLateral Izquierdo \u2013 Leonel Qui\u00f1\u00f3nez<br \/>\nVolante Central \u2013 Ezequiel Piovi<br \/>\nVolante Ofensivo \u2013 Kendry P\u00e1ez<br \/>\nDelantero \u2013 Miguel Parrales<br \/>\nJugador Revelaci\u00f3n \u2013 Kendry P\u00e1ez<br \/>\nMejor DT \u2013 Luis Zubeld\u00eda<br \/>\nMejor DT Ecuatoriano \u2013 Juan Carlos Le\u00f3n<\/p>\n","protected":false},"excerpt":{"rendered":"<p>Guayaquil.- La noche de este martes 30 de enero, la ciudad de Quito vivi\u00f3 la noche de los mejores. En su quinto a\u00f1o consecutivo, LigaPro premi\u00f3 a los mejores jugadores de la temporada 2023 y adem\u00e1s entreg\u00f3 varios reconocimientos a personajes importantes del balompi\u00e9. El evento arranc\u00f3 con los reconocimientos a directivos del f\u00fatbol ecuatoriano, [&hellip;]<\/p>\n","protected":false},"author":2,"featured_media":10447,"comment_status":"open","ping_status":"closed","sticky":false,"template":"","format":"standard","meta":{"_jetpack_memberships_contains_paid_content":false,"footnotes":""},"categories":[73],"tags":[135,1771],"class_list":["post-10446","post","type-post","status-publish","format-standard","has-post-thumbnail","hentry","category-liga-pro","tag-liga-pro","tag-premiacion"],"jetpack_featured_media_url":"https:\/\/radiocresatelital.com\/wp-content\/uploads\/2024\/01\/Alexander-Dominguez-El-Pro.webp","jetpack_sharing_enabled":true,"_links":{"self":[{"href":"https:\/\/radiocresatelital.com\/index.php?rest_route=\/wp\/v2\/posts\/10446","targetHints":{"allow":["GET"]}}],"collection":[{"href":"https:\/\/radiocresatelital.com\/index.php?rest_route=\/wp\/v2\/posts"}],"about":[{"href":"https:\/\/radiocresatelital.com\/index.php?rest_route=\/wp\/v2\/types\/post"}],"author":[{"embeddable":true,"href":"https:\/\/radiocresatelital.com\/index.php?rest_route=\/wp\/v2\/users\/2"}],"replies":[{"embeddable":true,"href":"https:\/\/radiocresatelital.com\/index.php?rest_route=%2Fwp%2Fv2%2Fcomments&post=10446"}],"version-history":[{"count":1,"href":"https:\/\/radiocresatelital.com\/index.php?rest_route=\/wp\/v2\/posts\/10446\/revisions"}],"predecessor-version":[{"id":10448,"href":"https:\/\/radiocresatelital.com\/index.php?rest_route=\/wp\/v2\/posts\/10446\/revisions\/10448"}],"wp:featuredmedia":[{"embeddable":true,"href":"https:\/\/radiocresatelital.com\/index.php?rest_route=\/wp\/v2\/media\/10447"}],"wp:attachment":[{"href":"https:\/\/radiocresatelital.com\/index.php?rest_route=%2Fwp%2Fv2%2Fmedia&parent=10446"}],"wp:term":[{"taxonomy":"category","embeddable":true,"href":"https:\/\/radiocresatelital.com\/index.php?rest_route=%2Fwp%2Fv2%2Fcategories&post=10446"},{"taxonomy":"post_tag","embeddable":true,"href":"https:\/\/radiocresatelital.com\/index.php?rest_route=%2Fwp%2Fv2%2Ftags&post=10446"}],"curies":[{"name":"wp","href":"https:\/\/api.w.org\/{rel}","templated":true}]}}