{"id":10433,"date":"2024-01-31T14:38:59","date_gmt":"2024-01-31T14:38:59","guid":{"rendered":"https:\/\/radiocresatelital.com\/?p=10433"},"modified":"2024-01-31T20:21:58","modified_gmt":"2024-01-31T20:21:58","slug":"allanamiento-a-bibian-hernandez-causa-revuelo-entre-algunos-personajes-publicos","status":"publish","type":"post","link":"https:\/\/radiocresatelital.com\/?p=10433","title":{"rendered":"Allanamiento a Bibian Hern\u00e1ndez causa revuelo entre algunos personajes p\u00fablicos"},"content":{"rendered":"<div class=\"mh-content-ad\">\n<div>Guayaquil.- Como parte de una indagaci\u00f3n previa, la Fiscal\u00eda General del Estado, allan\u00f3 las oficinas de Bibian Hern\u00e1ndez en Guayaquil y en Samborond\u00f3n, con la finalidad de recabar m\u00e1s indicios que lleven a conclusiones exactas en el caso Met\u00e1stasis y sobre la acusaci\u00f3n que pesa sobre ella que es de lavado de activos.<\/div>\n<\/div>\n<p>Las\u00a0intervenciones han sido realizadas por la Unidad Antilavado de Activos de la Fiscal\u00eda, cabe recordar que entre el 2022 y el 2023, hubo varias acusaciones, producto de investigaciones period\u00edsticas, que vinculaban a Hern\u00e1ndez como financista encubierta del corre\u00edsmo, de La Posta y de la empresa Medios de Comunicaci\u00f3 Digitales Especializados Mecdies S.A.<\/p>\n<p>Incluso, seg\u00fan algunos portales de noticias, afirman que a ella se la conoc\u00eda entre sus financiados como La Madrina.<\/p>\n","protected":false},"excerpt":{"rendered":"<p>Guayaquil.- Como parte de una indagaci\u00f3n previa, la Fiscal\u00eda General del Estado, allan\u00f3 las oficinas de Bibian Hern\u00e1ndez en Guayaquil y en Samborond\u00f3n, con la finalidad de recabar m\u00e1s indicios que lleven a conclusiones exactas en el caso Met\u00e1stasis y sobre la acusaci\u00f3n que pesa sobre ella que es de lavado de activos. Las\u00a0intervenciones han [&hellip;]<\/p>\n","protected":false},"author":3,"featured_media":10434,"comment_status":"open","ping_status":"closed","sticky":false,"template":"","format":"standard","meta":{"_jetpack_memberships_contains_paid_content":false,"footnotes":""},"categories":[13],"tags":[1772],"class_list":["post-10433","post","type-post","status-publish","format-standard","has-post-thumbnail","hentry","category-noticias-nacionales","tag-bibian-hernandez"],"jetpack_featured_media_url":"https:\/\/radiocresatelital.com\/wp-content\/uploads\/2024\/01\/allanan-oficinas-de-bibian-hernandez.jpeg","jetpack_sharing_enabled":true,"_links":{"self":[{"href":"https:\/\/radiocresatelital.com\/index.php?rest_route=\/wp\/v2\/posts\/10433","targetHints":{"allow":["GET"]}}],"collection":[{"href":"https:\/\/radiocresatelital.com\/index.php?rest_route=\/wp\/v2\/posts"}],"about":[{"href":"https:\/\/radiocresatelital.com\/index.php?rest_route=\/wp\/v2\/types\/post"}],"author":[{"embeddable":true,"href":"https:\/\/radiocresatelital.com\/index.php?rest_route=\/wp\/v2\/users\/3"}],"replies":[{"embeddable":true,"href":"https:\/\/radiocresatelital.com\/index.php?rest_route=%2Fwp%2Fv2%2Fcomments&post=10433"}],"version-history":[{"count":2,"href":"https:\/\/radiocresatelital.com\/index.php?rest_route=\/wp\/v2\/posts\/10433\/revisions"}],"predecessor-version":[{"id":10449,"href":"https:\/\/radiocresatelital.com\/index.php?rest_route=\/wp\/v2\/posts\/10433\/revisions\/10449"}],"wp:featuredmedia":[{"embeddable":true,"href":"https:\/\/radiocresatelital.com\/index.php?rest_route=\/wp\/v2\/media\/10434"}],"wp:attachment":[{"href":"https:\/\/radiocresatelital.com\/index.php?rest_route=%2Fwp%2Fv2%2Fmedia&parent=10433"}],"wp:term":[{"taxonomy":"category","embeddable":true,"href":"https:\/\/radiocresatelital.com\/index.php?rest_route=%2Fwp%2Fv2%2Fcategories&post=10433"},{"taxonomy":"post_tag","embeddable":true,"href":"https:\/\/radiocresatelital.com\/index.php?rest_route=%2Fwp%2Fv2%2Ftags&post=10433"}],"curies":[{"name":"wp","href":"https:\/\/api.w.org\/{rel}","templated":true}]}}